{"id":3225,"date":"2021-11-25T09:57:00","date_gmt":"2021-11-25T12:57:00","guid":{"rendered":"https:\/\/www.semanariolocal.cl\/?p=3225"},"modified":"2021-11-25T11:15:52","modified_gmt":"2021-11-25T14:15:52","slug":"hasta-el-30-11-abierta-las-postulaciones-a-cursos-despega-mipe-de-sence","status":"publish","type":"post","link":"https:\/\/www.semanariolocal.cl\/?p=3225","title":{"rendered":"Hasta el 30\/11  abierta las postulaciones a cursos Despega Mipe de Sence"},"content":{"rendered":"\n<p style=\"font-size:17px\">El Programa Despega Mipe est\u00e1 dirigido a los trabajadores, due\u00f1os, socios y representantes legales de las micro y peque\u00f1as empresas que buscan y quieren mejorar las competencias y la productividad de sus negocios en todo el territorio nacional.<\/p>\n\n\n\n<p style=\"font-size:17px\">A trav\u00e9s de la capacitaci\u00f3n sin costo, dictada en las modalidades presencial, en l\u00ednea y semipresencial, la iniciativa ofrece cursos que tienen una duraci\u00f3n de 20 a 200 horas, enfocados en contabilidad, finanzas, comercio electr\u00f3nico, computaci\u00f3n, ingl\u00e9s, manejo de RRSS y marketing digital, entre muchos otros. Despega Mipe incluye, adem\u00e1s, un seguro de accidentes personales y licencia habilitante o certificaci\u00f3n, seg\u00fan corresponda. Cada persona que apruebe un curso, recibir\u00e1 un diploma de Sence que acredite la referida capacitaci\u00f3n.<\/p>\n\n\n\n<p style=\"font-size:17px\">El Seremi&nbsp; del Trabajo y Previsi\u00f3n Social, Fernando Gebhard, destac\u00f3 que \u201cresulta fundamental que otorguemos todas las herramientas y competencias necesarias a trabajadores y empleadores para hacer crecer sus negocios y as\u00ed mejorar sus condiciones, y que mejor que hacerlo a trav\u00e9s de cursos de capacitaci\u00f3n gratuitos y en tem\u00e1ticas tan relevantes como licencia de conducir, dise\u00f1o, administraci\u00f3n, comercio digital, entre otros. Por eso queremos reiterar el llamado a postular a los cursos Despega Mipe a trav\u00e9s de www.sence.cl\u201d.<\/p>\n\n\n\n<p style=\"font-size:17px\">Asimismo, Mauricio Toro director de Sence Regi\u00f3n de Los Lagos, destac\u00f3 que \u201chasta el 30 de noviembre, se encuentran habilitado en la p\u00e1gina Sence y en el portal eligemejor.sence.cl, las postulaciones a 11 cursos de nuestro programa Despega Mipe. Existen cupos en cursos de licencia de conducir Clase B, Alfabetizaci\u00f3n Digital, Comercio Electr\u00f3nico en diversas comunas, tales como;&nbsp; Chonchi, Quemchi, Puqueld\u00f3n, Puerto Montt, Los Muermos, Osorno, Fresia, Quell\u00f3n. Con estos cursos, como Sence queremos ser un apoyo para las Mipes y sus trabajadores, para que puedan contar con m\u00e1s&nbsp; capacidades y competencias para el desarrollo de sus emprendimientos\u201d.<\/p>\n\n\n\n<p style=\"font-size:17px\"><strong>Requisitos para postular a los cursos Despega Mipe<\/strong>: Ser trabajador, due\u00f1o, socio o representante legal de una micro o peque\u00f1a empresa, de acuerdo a la Ley 20.416. Al momento de postular, el\/la interesado\/a deber\u00e1 ingresar el RUT de la empresa y el sistema informar\u00e1 si califica para el programa.<\/p>\n\n\n\n<p style=\"font-size:17px\">\u00abUna vez seleccionado el curso de su inter\u00e9s (dentro de la oferta disponible), quienes cumplan los requisitos del programa recibir\u00e1n un bono o voucher, que debe ser enviado (por medio electr\u00f3nico) al organismo ejecutor del curso con copia de la c\u00e9dula Identidad o comprobante del Registro Civil (en caso de que la c\u00e9dula se encuentre en tr\u00e1mite) para que valide tu solicitud. El voucher le permitir\u00e1 matricularse (sin costo) en el curso escogido, y una vez aprobado, recibir\u00e1 un diploma Sence que acredita su formaci\u00f3n\u201d, detall\u00f3 el director nacional de Sence, Ricardo Ruiz De Vi\u00f1aspre, en su llamado a postular.<\/p>\n\n\n\n<p style=\"font-size:17px\"><strong>\u00bfQu\u00e9 beneficios entrega Despega Mipe?<\/strong><\/p>\n\n\n\n<p style=\"font-size:17px\">Curso de capacitaci\u00f3n gratuito, en modalidad e-learning, presencial o blended (semipresencial).<\/p>\n\n\n\n<p style=\"font-size:17px\">Seguro de accidentes (para cursos o fases presenciales).<\/p>\n\n\n\n<p style=\"font-size:17px\">Instrumento habilitante o referencial, en los casos que corresponda.<\/p>\n\n\n\n<p style=\"font-size:17px\">(*) La matr\u00edcula al curso estar\u00e1 condicionada al cumplimiento de los requisitos.<\/p>\n\n\n\n<p style=\"font-size:17px\">(*) No podr\u00e1n postular a Despega Mipe 2021: trabajadores\/as independientes y personas que est\u00e9n participando de cualquier curso de capacitaci\u00f3n financiado por Sence, ni inscritos o realizando la Fase de Pr\u00e1ctica Laboral en cualquiera de los programas administrados por Sence, a excepci\u00f3n de los cursos en l\u00ednea.<\/p>\n","protected":false},"excerpt":{"rendered":"<p>El Programa Despega Mipe est\u00e1 dirigido a los trabajadores, due\u00f1os, socios y representantes legales de las micro y peque\u00f1as empresas que buscan y quieren mejorar las competencias y la productividad de sus negocios en todo el territorio nacional. A trav\u00e9s de la capacitaci\u00f3n sin costo, dictada en las modalidades presencial, en l\u00ednea y semipresencial, la&#8230;<a class=\"btnReadMore\" href=\"https:\/\/www.semanariolocal.cl\/?p=3225\"> Leer M\u00e1s<\/a><\/p>\n","protected":false},"author":1,"featured_media":3226,"comment_status":"closed","ping_status":"closed","sticky":false,"template":"","format":"standard","meta":{"footnotes":""},"categories":[3],"tags":[],"class_list":["post-3225","post","type-post","status-publish","format-standard","has-post-thumbnail","hentry","category-al-dia"],"_links":{"self":[{"href":"https:\/\/www.semanariolocal.cl\/index.php?rest_route=\/wp\/v2\/posts\/3225","targetHints":{"allow":["GET"]}}],"collection":[{"href":"https:\/\/www.semanariolocal.cl\/index.php?rest_route=\/wp\/v2\/posts"}],"about":[{"href":"https:\/\/www.semanariolocal.cl\/index.php?rest_route=\/wp\/v2\/types\/post"}],"author":[{"embeddable":true,"href":"https:\/\/www.semanariolocal.cl\/index.php?rest_route=\/wp\/v2\/users\/1"}],"replies":[{"embeddable":true,"href":"https:\/\/www.semanariolocal.cl\/index.php?rest_route=%2Fwp%2Fv2%2Fcomments&post=3225"}],"version-history":[{"count":1,"href":"https:\/\/www.semanariolocal.cl\/index.php?rest_route=\/wp\/v2\/posts\/3225\/revisions"}],"predecessor-version":[{"id":3227,"href":"https:\/\/www.semanariolocal.cl\/index.php?rest_route=\/wp\/v2\/posts\/3225\/revisions\/3227"}],"wp:featuredmedia":[{"embeddable":true,"href":"https:\/\/www.semanariolocal.cl\/index.php?rest_route=\/wp\/v2\/media\/3226"}],"wp:attachment":[{"href":"https:\/\/www.semanariolocal.cl\/index.php?rest_route=%2Fwp%2Fv2%2Fmedia&parent=3225"}],"wp:term":[{"taxonomy":"category","embeddable":true,"href":"https:\/\/www.semanariolocal.cl\/index.php?rest_route=%2Fwp%2Fv2%2Fcategories&post=3225"},{"taxonomy":"post_tag","embeddable":true,"href":"https:\/\/www.semanariolocal.cl\/index.php?rest_route=%2Fwp%2Fv2%2Ftags&post=3225"}],"curies":[{"name":"wp","href":"https:\/\/api.w.org\/{rel}","templated":true}]}}