{"id":32243,"date":"2025-11-23T08:10:00","date_gmt":"2025-11-23T11:10:00","guid":{"rendered":"https:\/\/www.semanariolocal.cl\/?p=32243"},"modified":"2025-11-23T22:02:46","modified_gmt":"2025-11-24T01:02:46","slug":"aumento-del-salario-minimo-e-inflacion-son-compatibles","status":"publish","type":"post","link":"https:\/\/www.semanariolocal.cl\/?p=32243","title":{"rendered":"Aumento del salario m\u00ednimo e inflaci\u00f3n, \u00bfSon compatibles?"},"content":{"rendered":"\n<p><strong><mark style=\"background-color:#abb8c3\" class=\"has-inline-color has-white-color\">23 de Noviembre del 2025.- <\/mark><\/strong> Siempre es bueno considerar la importancia del salario m\u00ednimo para la econom\u00eda.<\/p>\n\n\n\n<p>En t\u00e9rminos muy simples, el salario m\u00ednimo fija un tope en el valor monetario con el cual las personas pueden ser contratadas para desempe\u00f1ar una labor remunerada en cualquier tipo de organizaci\u00f3n. Otro punto importante tiene que ver respecto a cu\u00e1l es el monto ideal y c\u00f3mo afecta aumentar el salario m\u00ednimo en la econom\u00eda, entendiendo que siempre ser\u00e1 deseable contar con m\u00e1s ingresos a trav\u00e9s de una remuneraci\u00f3n. Si se observa en los \u00faltimos 2 a\u00f1os en Chile, el salario m\u00ednimo ha experimentado un aumento en torno al 24% en t\u00e9rminos reales. \u00bfQu\u00e9 significa eso?<\/p>\n\n\n\n<p>Si tomamos el aumento del salario m\u00ednimo y lo comparamos respecto a cu\u00e1nto ha subido el IPC en el mismo per\u00edodo, vamos a encontrar que este aumento ha significado un impacto directo sobre la inflaci\u00f3n y el mercado del trabajo. Una explicaci\u00f3n a este evento es un aumento sostenido de los costos laborales. Complementario a esto est\u00e1n los cambios tecnol\u00f3gicos, que reemplazan ciertas labores de las personas en el mercado laboral, lo cual sin duda debe ser una variable a tener muy en cuenta.<\/p>\n\n\n\n<p>Cuando aumentemos el salario m\u00ednimo, efectivamente vamos a tener m\u00e1s ingresos para gastar en la econom\u00eda, pero si eso va en la misma magnitud (o mayor) que el aumento de precios en bienes y servicios en la econom\u00eda, nos vamos a encontrar que el aumento del salario m\u00ednimo se ir\u00e1 diluyendo. \u00bfPor qu\u00e9?, porque aumentaron los ingresos, pero tambi\u00e9n los precios (inflaci\u00f3n).<\/p>\n\n\n\n<p>Para que lo anterior no termine siendo una problem\u00e1tica, hay que examinar si la econom\u00eda realmente est\u00e1 haciendo m\u00e1s productiva y est\u00e1 originando en este caso, m\u00e1s crecimiento. Si no lo generamos, cualquier aumento de salario m\u00ednimo solo producir\u00eda mayor desempleo, producto de que efectivamente las empresas tendr\u00e1n que pagar m\u00e1s, para contratar a las personas v\u00eda un salario m\u00ednimo en crecimiento.<\/p>\n\n\n\n<p>Ser capaces de atraer m\u00e1s inversi\u00f3n, posibilitar la realizaci\u00f3n de obras que promuevan m\u00e1s vacantes laborales y la disminuci\u00f3n de tr\u00e1mites burocr\u00e1ticos que limitan el crecimiento, no son solamente buenos deseos, todo esto tiene un efecto directo que se traduce en mejores condiciones de empleabilidad y un salario m\u00ednimo que es el reflejo real de un crecimiento robusto y sostenido de la econom\u00eda.<\/p>\n\n\n\n<p><strong>Yerko Cort\u00e9s<\/strong> <strong>acad\u00e9mico del MBA de la Universidad Central, sede Regi\u00f3n de Coquimbo<\/strong><\/p>\n","protected":false},"excerpt":{"rendered":"<p>En t\u00e9rminos econ\u00f3micos, el concepto del salario m\u00ednimo siempre ha sido un tema de inter\u00e9s que es transversal a cualquier debate que se da en contextos de coyunturas sociales.<\/p>\n","protected":false},"author":1,"featured_media":32244,"comment_status":"closed","ping_status":"closed","sticky":false,"template":"","format":"standard","meta":{"footnotes":""},"categories":[3,12,4396,7,4138],"tags":[2118,337,273,247,133],"class_list":["post-32243","post","type-post","status-publish","format-standard","has-post-thumbnail","hentry","category-al-dia","category-economia","category-especialista","category-opinion","category-politica-economica","tag-semanariolocal","tag-informacion","tag-noticias","tag-region-de-los-lagos","tag-semanario-local"],"_links":{"self":[{"href":"https:\/\/www.semanariolocal.cl\/index.php?rest_route=\/wp\/v2\/posts\/32243","targetHints":{"allow":["GET"]}}],"collection":[{"href":"https:\/\/www.semanariolocal.cl\/index.php?rest_route=\/wp\/v2\/posts"}],"about":[{"href":"https:\/\/www.semanariolocal.cl\/index.php?rest_route=\/wp\/v2\/types\/post"}],"author":[{"embeddable":true,"href":"https:\/\/www.semanariolocal.cl\/index.php?rest_route=\/wp\/v2\/users\/1"}],"replies":[{"embeddable":true,"href":"https:\/\/www.semanariolocal.cl\/index.php?rest_route=%2Fwp%2Fv2%2Fcomments&post=32243"}],"version-history":[{"count":1,"href":"https:\/\/www.semanariolocal.cl\/index.php?rest_route=\/wp\/v2\/posts\/32243\/revisions"}],"predecessor-version":[{"id":32245,"href":"https:\/\/www.semanariolocal.cl\/index.php?rest_route=\/wp\/v2\/posts\/32243\/revisions\/32245"}],"wp:featuredmedia":[{"embeddable":true,"href":"https:\/\/www.semanariolocal.cl\/index.php?rest_route=\/wp\/v2\/media\/32244"}],"wp:attachment":[{"href":"https:\/\/www.semanariolocal.cl\/index.php?rest_route=%2Fwp%2Fv2%2Fmedia&parent=32243"}],"wp:term":[{"taxonomy":"category","embeddable":true,"href":"https:\/\/www.semanariolocal.cl\/index.php?rest_route=%2Fwp%2Fv2%2Fcategories&post=32243"},{"taxonomy":"post_tag","embeddable":true,"href":"https:\/\/www.semanariolocal.cl\/index.php?rest_route=%2Fwp%2Fv2%2Ftags&post=32243"}],"curies":[{"name":"wp","href":"https:\/\/api.w.org\/{rel}","templated":true}]}}