{"id":32240,"date":"2025-11-23T08:15:00","date_gmt":"2025-11-23T11:15:00","guid":{"rendered":"https:\/\/www.semanariolocal.cl\/?p=32240"},"modified":"2025-11-23T21:54:39","modified_gmt":"2025-11-24T00:54:39","slug":"mas-ciencia-para-chile-y-desde-las-regiones","status":"publish","type":"post","link":"https:\/\/www.semanariolocal.cl\/?p=32240","title":{"rendered":"M\u00e1s ciencia para Chile y desde las regiones"},"content":{"rendered":"\n<p><strong><mark style=\"background-color:#abb8c3\" class=\"has-inline-color has-white-color\">23 de Noviembre del 2025.- <\/mark><\/strong>Durante d\u00e9cadas, la ciencia chilena se ha concentrado en las regiones Metropolitana, Valpara\u00edso y Biob\u00edo, donde se forma la mayor\u00eda de los doctores, se publican la mayor parte de los art\u00edculos cient\u00edficos y se adjudic\u00f3 el 74% de los 1.580 proyectos financiados por ANID (2024), al concentrar las principales universidades del pa\u00eds.<\/p>\n\n\n\n<p>\u00bfInequidad territorial? S\u00ed. Pero tambi\u00e9n representa una brecha de oportunidades que limita el potencial del conocimiento como motor del desarrollo regional.<\/p>\n\n\n\n<p>Esta realidad comenz\u00f3 a cambiar hace tres a\u00f1os cuando el Ministerio de Ciencia impuls\u00f3 el Programa de Financiamiento Estructural I+D+i Universitario (FIU) para fortalecer la gesti\u00f3n de las universidades en la creaci\u00f3n y transferencia de conocimiento, promoviendo una investigaci\u00f3n permanente, descentralizada y conectada con las realidades locales y el bienestar de las personas.<\/p>\n\n\n\n<p>El FIU parte del principio de que mejores universidades fortalecen las regiones y que el conocimiento no debe concentrarse en pocos centros urbanos.<\/p>\n\n\n\n<p>Pero m\u00e1s que un fondo, es una estrategia estructural que, mediante gesti\u00f3n, infraestructura y vinculaci\u00f3n territorial, permite a las universidades \u2014especialmente las regionales\u2014 planificar a largo plazo y abordar desaf\u00edos locales con ciencia aplicada. Hoy, 37 universidades cuentan con financiamiento para este plan de 10 a\u00f1os.<\/p>\n\n\n\n<p>Este cambio se refuerza con la participaci\u00f3n de los gobiernos regionales, que gracias al Fondo Regional para la Productividad y Desarrollo (FRPD), creado por la Ley del Royalty Minero, hoy cuentan con recursos in\u00e9ditos para invertir en ciencia y tecnolog\u00eda: 230 mil millones de pesos para las 16 regiones, de los cuales al menos un 25% debe destinarse a investigaci\u00f3n, promoviendo una nueva colaboraci\u00f3n entre regiones y universidades bajo una l\u00f3gica de cogesti\u00f3n del conocimiento.<\/p>\n\n\n\n<p>Valoramos el compromiso de los gobiernos y consejeros regionales de once regiones \u2014desde Arica y Parinacota hasta Magallanes\u2014 que destinar\u00e1n m\u00e1s de 73 mil millones de pesos para fortalecer a sus universidades. Con ello, los gobiernos regionales se consolidan como actores clave de la pol\u00edtica cient\u00edfica, articulando capacidades locales y promoviendo sistemas regionales de innovaci\u00f3n.<\/p>\n\n\n\n<p>La descentralizaci\u00f3n se vuelve realidad cuando la ciencia surge desde los territorios, con identidad regional y prop\u00f3sito nacional. As\u00ed, cada regi\u00f3n aporta conocimiento, soluciones y desarrollo sostenible para el pa\u00eds.<\/p>\n\n\n\n<p>Chile impulsa una estrategia para aumentar sostenidamente la inversi\u00f3n en I+D fortaleciendo la gesti\u00f3n universitaria. Alcanzar un desarrollo basado en el conocimiento requiere un sistema cient\u00edfico y tecnol\u00f3gico con capacidades s\u00f3lidas y descentralizadas que sustenten ese crecimiento.<\/p>\n\n\n\n<p><strong>Cristian Cuevas<\/strong> &#8211; <strong>Subsecretario Ciencia, Tecnolog\u00eda, Conocimiento e Innovaci\u00f3n, <\/strong><\/p>\n","protected":false},"excerpt":{"rendered":"<p>El programa FIU del MinCiencia marca una nueva etapa para la investigaci\u00f3n, impulsando la colaboraci\u00f3n entre universidades y gobiernos regionales, fortaleciendo la gesti\u00f3n de la innovaci\u00f3n y consolidando una ciencia hecha desde los territorios.<\/p>\n","protected":false},"author":1,"featured_media":32241,"comment_status":"closed","ping_status":"closed","sticky":false,"template":"","format":"standard","meta":{"footnotes":""},"categories":[3,2540,3608,9,7,6],"tags":[2118,4757,337,273,247,133],"class_list":["post-32240","post","type-post","status-publish","format-standard","has-post-thumbnail","hentry","category-al-dia","category-ciencia","category-estado","category-gobierno","category-opinion","category-politica","tag-semanariolocal","tag-cristian-cuevas","tag-informacion","tag-noticias","tag-region-de-los-lagos","tag-semanario-local"],"_links":{"self":[{"href":"https:\/\/www.semanariolocal.cl\/index.php?rest_route=\/wp\/v2\/posts\/32240","targetHints":{"allow":["GET"]}}],"collection":[{"href":"https:\/\/www.semanariolocal.cl\/index.php?rest_route=\/wp\/v2\/posts"}],"about":[{"href":"https:\/\/www.semanariolocal.cl\/index.php?rest_route=\/wp\/v2\/types\/post"}],"author":[{"embeddable":true,"href":"https:\/\/www.semanariolocal.cl\/index.php?rest_route=\/wp\/v2\/users\/1"}],"replies":[{"embeddable":true,"href":"https:\/\/www.semanariolocal.cl\/index.php?rest_route=%2Fwp%2Fv2%2Fcomments&post=32240"}],"version-history":[{"count":1,"href":"https:\/\/www.semanariolocal.cl\/index.php?rest_route=\/wp\/v2\/posts\/32240\/revisions"}],"predecessor-version":[{"id":32242,"href":"https:\/\/www.semanariolocal.cl\/index.php?rest_route=\/wp\/v2\/posts\/32240\/revisions\/32242"}],"wp:featuredmedia":[{"embeddable":true,"href":"https:\/\/www.semanariolocal.cl\/index.php?rest_route=\/wp\/v2\/media\/32241"}],"wp:attachment":[{"href":"https:\/\/www.semanariolocal.cl\/index.php?rest_route=%2Fwp%2Fv2%2Fmedia&parent=32240"}],"wp:term":[{"taxonomy":"category","embeddable":true,"href":"https:\/\/www.semanariolocal.cl\/index.php?rest_route=%2Fwp%2Fv2%2Fcategories&post=32240"},{"taxonomy":"post_tag","embeddable":true,"href":"https:\/\/www.semanariolocal.cl\/index.php?rest_route=%2Fwp%2Fv2%2Ftags&post=32240"}],"curies":[{"name":"wp","href":"https:\/\/api.w.org\/{rel}","templated":true}]}}