{"id":3222,"date":"2021-11-25T10:54:39","date_gmt":"2021-11-25T13:54:39","guid":{"rendered":"https:\/\/www.semanariolocal.cl\/?p=3222"},"modified":"2021-11-25T10:54:40","modified_gmt":"2021-11-25T13:54:40","slug":"economista-ante-presupuesto-2022-va-en-la-senda-correcta","status":"publish","type":"post","link":"https:\/\/www.semanariolocal.cl\/?p=3222","title":{"rendered":"Economista ante Presupuesto 2022: \u201cVa en la senda correcta\u201d"},"content":{"rendered":"\n<p style=\"font-size:17px\">Esta semana, la C\u00e1mara de Diputados aprob\u00f3 la Ley de Presupuesto 2022, despachando la iniciativa al Senado. El ministro de Hacienda, Rodrigo Cerda, sostuvo que el presupuesto \u201ctiene cerca de 82 mil millones de d\u00f3lares, y de ellos cerca de 15 mil millones de d\u00f3lares solamente en inversi\u00f3n p\u00fablica\u00bb.<\/p>\n\n\n\n<p style=\"font-size:17px\">Para el economista y acad\u00e9mico de la Facultad de Administraci\u00f3n y Econom\u00eda (FAE) Usach, Guillermo Pattillo, el m\u00e9rito de esta iniciativa es que se mantiene la rebaja de gasto respecto de la ejecuci\u00f3n de 2021 que propuso el gobierno, se\u00f1alando que esta ejecuci\u00f3n significar\u00eda el crecimiento del presupuesto para el pr\u00f3ximo a\u00f1o, el ajuste ir\u00eda \u201cen la senda correcta\u201d.<\/p>\n\n\n\n<p style=\"font-size:17px\">\u201cEs positivo que el gobierno haya sido capaz de mantenerse en el tope de gastos que hab\u00eda planteado. Es bien sabido que los parlamentarios no pueden aumentar el gasto del presupuesto, pero tambi\u00e9n que las negociaciones que se producen en el proceso de aprobaci\u00f3n del presupuesto, la autoridad puede ser flexibilizada para aumentar determinados niveles de gastos en algunas partidas y aumentando el nivel global, eso esta vez no ocurri\u00f3\u201d, apunt\u00f3.<\/p>\n\n\n\n<p style=\"font-size:17px\">Indicando que los cambios fueron parte del proceso de discusi\u00f3n presupuestaria en el Congreso, donde existen siempre distintas opiniones respecto a la prioridad que el Ejecutivo da inicialmente a distintas partidas y los niveles de gasto involucrado, Pattillo identific\u00f3 la flexibilizaci\u00f3n de los recursos que se asignan a los gobiernos regionales como parte de estos, adem\u00e1s de \u201cfondos para apoyar servicios locales de educaci\u00f3n y se repuso el gasto del Ministerio de las Culturas y las Artes\u201d.<\/p>\n\n\n\n<p style=\"font-size:17px\">\u201cEs importante, en el presente, que el presupuesto sale en el mismo nivel de gastos, pero ese gasto como es siempre as\u00ed, tiene modificaciones en sus asignaciones y en algunas de las partidas y niveles originales que no son los mismos con que terminan. Sin duda es un avance el que, respecto a la ejecuci\u00f3n esperada para 2021, tengamos una reducci\u00f3n de gastos en 2022 bastante relevante\u201d, se\u00f1al\u00f3 el economista.<\/p>\n\n\n\n<p style=\"font-size:17px\">Teniendo presente que el presupuesto da una cantidad de recursos bien relevantes para uso flexible en el pr\u00f3ximo Gobierno, el experto en proyecciones macroecon\u00f3micas a corto plazo especific\u00f3 que el gran desaf\u00edo para el pr\u00f3ximo mandatario ser\u00e1 mantener la senda de ajustes hacia el equilibrio fiscal en el mediano plazo.<\/p>\n\n\n\n<p style=\"font-size:17px\">\u201cLas presiones de gasto no han cesado, y nosotros en estos d\u00edas hemos visto c\u00f3mo se analizan opciones de que el IFE laboral se extienda, por ejemplo, pero van a surgir muchos m\u00e1s, y por lo tanto, un rol central de la autoridad fiscal del pr\u00f3ximo a\u00f1o es mantenerse en el espacio que el presupuesto le da y generar una senda de ajustes hacia el mediano plazo que de verdad sea cre\u00edble y nos lleve a resolver el problema de desequilibrio que tenemos hace tanto tiempo, de hecho, en espec\u00edfico desde el segundo semestre de 2013\u201d, previ\u00f3.<\/p>\n\n\n\n<p style=\"font-size:17px\">Finalmente, el acad\u00e9mico de la Usach especific\u00f3 que \u201ctodav\u00eda est\u00e1n en duda respecto a c\u00f3mo se va a gestionar la disciplina fiscal durante 2022\u201d, donde el Gobierno deber\u00e1 avanzar en generar el ajuste de cambios que no termina y se prolongar\u00e1 en un tiempo bastante largo, dado que \u201cla mochila que nos ha quedado de 2020 y 2021, en t\u00e9rminos de compromisos por una parte y deudas por la otra, es enorme\u201d.<\/p>\n","protected":false},"excerpt":{"rendered":"<p>El experto en proyecciones macroecon\u00f3micas de la U. de Santiago, Guillermo Pattillo, apunt\u00f3 la aprobaci\u00f3n de la Ley de Presupuesto 2022 como \u201cuna buena noticia\u201d e indic\u00f3 que los desaf\u00edos para el pr\u00f3ximo gobierno estar\u00e1n en la disciplina fiscal para el 2022.<\/p>\n","protected":false},"author":1,"featured_media":3223,"comment_status":"closed","ping_status":"closed","sticky":false,"template":"","format":"standard","meta":{"footnotes":""},"categories":[12,6],"tags":[],"class_list":["post-3222","post","type-post","status-publish","format-standard","has-post-thumbnail","hentry","category-economia","category-politica"],"_links":{"self":[{"href":"https:\/\/www.semanariolocal.cl\/index.php?rest_route=\/wp\/v2\/posts\/3222","targetHints":{"allow":["GET"]}}],"collection":[{"href":"https:\/\/www.semanariolocal.cl\/index.php?rest_route=\/wp\/v2\/posts"}],"about":[{"href":"https:\/\/www.semanariolocal.cl\/index.php?rest_route=\/wp\/v2\/types\/post"}],"author":[{"embeddable":true,"href":"https:\/\/www.semanariolocal.cl\/index.php?rest_route=\/wp\/v2\/users\/1"}],"replies":[{"embeddable":true,"href":"https:\/\/www.semanariolocal.cl\/index.php?rest_route=%2Fwp%2Fv2%2Fcomments&post=3222"}],"version-history":[{"count":1,"href":"https:\/\/www.semanariolocal.cl\/index.php?rest_route=\/wp\/v2\/posts\/3222\/revisions"}],"predecessor-version":[{"id":3224,"href":"https:\/\/www.semanariolocal.cl\/index.php?rest_route=\/wp\/v2\/posts\/3222\/revisions\/3224"}],"wp:featuredmedia":[{"embeddable":true,"href":"https:\/\/www.semanariolocal.cl\/index.php?rest_route=\/wp\/v2\/media\/3223"}],"wp:attachment":[{"href":"https:\/\/www.semanariolocal.cl\/index.php?rest_route=%2Fwp%2Fv2%2Fmedia&parent=3222"}],"wp:term":[{"taxonomy":"category","embeddable":true,"href":"https:\/\/www.semanariolocal.cl\/index.php?rest_route=%2Fwp%2Fv2%2Fcategories&post=3222"},{"taxonomy":"post_tag","embeddable":true,"href":"https:\/\/www.semanariolocal.cl\/index.php?rest_route=%2Fwp%2Fv2%2Ftags&post=3222"}],"curies":[{"name":"wp","href":"https:\/\/api.w.org\/{rel}","templated":true}]}}