{"id":32192,"date":"2025-11-18T11:15:00","date_gmt":"2025-11-18T14:15:00","guid":{"rendered":"https:\/\/www.semanariolocal.cl\/?p=32192"},"modified":"2025-11-19T22:51:28","modified_gmt":"2025-11-20T01:51:28","slug":"cortes-de-luz-y-movilidad-vertical-el-impacto-silencioso-en-las-comunidades-chilenas","status":"publish","type":"post","link":"https:\/\/www.semanariolocal.cl\/?p=32192","title":{"rendered":"Cortes de luz y movilidad vertical: el impacto silencioso en las comunidades chilenas."},"content":{"rendered":"\n<p><strong><mark style=\"background-color:#abb8c3\" class=\"has-inline-color has-white-color\">18 de noviembre del 2025.- <\/mark><\/strong>Durante este a\u00f1o, Chile ha enfrentado diversas interrupciones el\u00e9ctricas que han dejado a millones de personas sin suministro. El gran apag\u00f3n nacional del 25 de febrero afect\u00f3 a m\u00e1s del 95 % de la poblaci\u00f3n, equivalente a m\u00e1s de 8 millones de hogares, mientras que el reciente corte del 20 de octubre dej\u00f3 sin energ\u00eda a m\u00e1s de 370.000 usuarios en la Regi\u00f3n Metropolitana.<\/p>\n\n\n\n<p>Si bien las cifras suelen medirse en usuarios o megawatts, el mayor impacto se refleja en la vida cotidiana de las comunidades. Cada corte de luz paraliza ascensores y escaleras mec\u00e1nicas, afectando especialmente a personas mayores, con movilidad reducida y familias que viven en edificios en altura. Hoy, el 40% de la poblaci\u00f3n habita en condominios y el 14% tiene 65 a\u00f1os o m\u00e1s. Para ellos, los ascensores no son un lujo, sino un medio esencial de autonom\u00eda y seguridad.<\/p>\n\n\n\n<p>\u201cLa electricidad no solo ilumina nuestros hogares, es esencial para la movilidad vertical junto a la seguridad de las personas. Cuando los ascensores dejan de funcionar, se interrumpe la rutina y la autonom\u00eda de miles de personas\u201d, coment\u00f3 Alfredo Morate, gerente general de Schindler Chile.<\/p>\n\n\n\n<p>Desde Schindler Chile, mantener los equipos en buen estado y actualizar los sistemas obsoletos con tecnolog\u00eda de \u00faltima generaci\u00f3n es clave para garantizar la seguridad, la accesibilidad y el confort de los usuarios. Por eso, estamos impulsando la modernizaci\u00f3n de ascensores, contribuyendo a reducir el consumo el\u00e9ctrico y extender la vida \u00fatil de los equipos.<\/p>\n\n\n\n<p>En edificaciones con m\u00e1s de 20 o 30 a\u00f1os, muchos ascensores no cuentan con sistemas modernos de rescate autom\u00e1tico ni respaldo energ\u00e9tico. Seg\u00fan la C\u00e1mara Chilena de la Construcci\u00f3n (CChC), cerca del 40 % de los edificios del pa\u00eds requiere mantenimiento o modernizaci\u00f3n, lo que implica que, ante un corte el\u00e9ctrico, las cabinas pueden quedar detenidas entre pisos. En esos casos, es fundamental mantener la calma y esperar siempre la llegada de personal experto, ya que muchos accidentes ocurren cuando personas no capacitadas, como conserjes o incluso equipos de emergencia, intentan abrir las puertas sin haber detenido completamente el sistema del ascensor. Por eso, solo t\u00e9cnicos especializados deben realizar maniobras de rescate.<\/p>\n\n\n\n<p>\u201cEn un pa\u00eds donde los eventos clim\u00e1ticos, las sobrecargas del sistema y los cortes programados son cada vez m\u00e1s frecuentes, la modernizaci\u00f3n del transporte vertical se vuelve una prioridad\u201d, agreg\u00f3 Morate.<\/p>\n\n\n\n<p>Los ascensores de nueva generaci\u00f3n de Schindler incorporan tecnolog\u00edas que permiten el rescate autom\u00e1tico a nivel de piso m\u00e1s cercano, sistemas de bajo consumo energ\u00e9tico y monitoreo remoto, entre otros, lo que reduce los tiempos de respuesta ante emergencias y eleva los est\u00e1ndares de seguridad.<\/p>\n\n\n\n<p>Con 110 a\u00f1os de presencia en Chile, Schindler lidera la transformaci\u00f3n del transporte vertical con soluciones que combinan innovaci\u00f3n, sostenibilidad y conectividad digital, aportando a una movilidad urbana m\u00e1s segura, accesible y confiable para todas las personas. Trabajan cada d\u00eda para garantizar una movilidad vertical m\u00e1s segura, accesible y confiable.<\/p>\n","protected":false},"excerpt":{"rendered":"<p>Hoy, el 40 % de la poblaci\u00f3n nacional habita en edificios residenciales y el 14% tiene 65 a\u00f1os o m\u00e1s. <\/p>\n","protected":false},"author":1,"featured_media":32193,"comment_status":"closed","ping_status":"closed","sticky":false,"template":"","format":"standard","meta":{"footnotes":""},"categories":[3558,2406,4161,4395,2514],"tags":[2118,2582,4750,337,273,247,133],"class_list":["post-32192","post","type-post","status-publish","format-standard","has-post-thumbnail","hentry","category-cronica","category-empresas","category-familia","category-sociedad","category-tecnologia","tag-semanariolocal","tag-construccion","tag-desarrollo-vertical","tag-informacion","tag-noticias","tag-region-de-los-lagos","tag-semanario-local"],"_links":{"self":[{"href":"https:\/\/www.semanariolocal.cl\/index.php?rest_route=\/wp\/v2\/posts\/32192","targetHints":{"allow":["GET"]}}],"collection":[{"href":"https:\/\/www.semanariolocal.cl\/index.php?rest_route=\/wp\/v2\/posts"}],"about":[{"href":"https:\/\/www.semanariolocal.cl\/index.php?rest_route=\/wp\/v2\/types\/post"}],"author":[{"embeddable":true,"href":"https:\/\/www.semanariolocal.cl\/index.php?rest_route=\/wp\/v2\/users\/1"}],"replies":[{"embeddable":true,"href":"https:\/\/www.semanariolocal.cl\/index.php?rest_route=%2Fwp%2Fv2%2Fcomments&post=32192"}],"version-history":[{"count":1,"href":"https:\/\/www.semanariolocal.cl\/index.php?rest_route=\/wp\/v2\/posts\/32192\/revisions"}],"predecessor-version":[{"id":32194,"href":"https:\/\/www.semanariolocal.cl\/index.php?rest_route=\/wp\/v2\/posts\/32192\/revisions\/32194"}],"wp:featuredmedia":[{"embeddable":true,"href":"https:\/\/www.semanariolocal.cl\/index.php?rest_route=\/wp\/v2\/media\/32193"}],"wp:attachment":[{"href":"https:\/\/www.semanariolocal.cl\/index.php?rest_route=%2Fwp%2Fv2%2Fmedia&parent=32192"}],"wp:term":[{"taxonomy":"category","embeddable":true,"href":"https:\/\/www.semanariolocal.cl\/index.php?rest_route=%2Fwp%2Fv2%2Fcategories&post=32192"},{"taxonomy":"post_tag","embeddable":true,"href":"https:\/\/www.semanariolocal.cl\/index.php?rest_route=%2Fwp%2Fv2%2Ftags&post=32192"}],"curies":[{"name":"wp","href":"https:\/\/api.w.org\/{rel}","templated":true}]}}