{"id":3219,"date":"2021-11-25T09:47:00","date_gmt":"2021-11-25T12:47:00","guid":{"rendered":"https:\/\/www.semanariolocal.cl\/?p=3219"},"modified":"2021-11-25T10:50:30","modified_gmt":"2021-11-25T13:50:30","slug":"santo-tomas-osorno-y-el-hotel-termas-de-puyehue-firman-convenio-de-colaboracion","status":"publish","type":"post","link":"https:\/\/www.semanariolocal.cl\/?p=3219","title":{"rendered":"Santo Tom\u00e1s Osorno y el Hotel Termas de Puyehue firman convenio de colaboraci\u00f3n"},"content":{"rendered":"\n<p style=\"font-size:17px\">El Instituto Profesional y Centro de Formaci\u00f3n T\u00e9cnica Santo Tom\u00e1s protagonizaron la firma de un convenio de colaboraci\u00f3n con el Hotel Termas de Puyehue, cuyo prop\u00f3sito es apoyar y crear proyectos que generen una contribuci\u00f3n social, cultural y educacional de relevancia para el desarrollo del pa\u00eds y de la comunidad local.<\/p>\n\n\n\n<p style=\"font-size:17px\">Este convenio de colaboraci\u00f3n incorpora pr\u00e1cticas profesionales, laborales y\/o curriculares de estudiantes de Santo Tom\u00e1s en el Hotel Termas de Puyehue y Turismo y Caba\u00f1as Aguas Calientes en la Regi\u00f3n de los Lagos, todo acompa\u00f1ado de actividades de vinculaci\u00f3n con el medio, como as\u00ed tambi\u00e9n la posibilidad viajar a otras partes del pa\u00eds, como Isla de Pascua y San Pedro de Atacama, donde tambi\u00e9n el complejo tur\u00edstico tiene instalaciones.<\/p>\n\n\n\n<p style=\"font-size:17px\">Al respecto, el Rector de las Instituciones Santo Tom\u00e1s. Eugenio Larra\u00edn Hern\u00e1ndez, mencion\u00f3 que \u201clo importante es que no solamente es un convenio que abarca la gastronom\u00eda, sino que tambi\u00e9n el \u00e1rea del turismo, producci\u00f3n veterinaria, pecuaria, administraci\u00f3n, deporte y recreaci\u00f3n. Es un convenio muy amplio que da tremendas posibilidades y estamos muy contentos por el apoyo de la administraci\u00f3n del hotel, y nosotros felices de poder entregarles a los estudiantes este gran beneficio.\u201d<\/p>\n\n\n\n<p style=\"font-size:17px\">Nathaly Fuentes Silva, representante legal de Hotel Termas de Puyehue, a\u00f1adi\u00f3 por su parte que \u201cpara nosotros es sumamente importante poder generar estos convenios, estos lazos, para incorporar a toda la comunidad educativa en nuestro proyecto, y as\u00ed poder garantizar servicios con profesionales de calidad, poder tambi\u00e9n aportar a todo lo que corresponde al nivel educacional con nuestro granito de arena, haci\u00e9ndolos parte de todo lo que es el mundo laboral. Tenemos hoteles en diversas partes del pa\u00eds y ser\u00eda bonito que los estudiantes puedan acercarse a estos a futuro igualmente.\u201d<\/p>\n\n\n\n<p style=\"font-size:17px\">Cabe mencionar finalmente que las instituciones Santo Tom\u00e1s en Osorno \u2013IP, CFT y Universidad ofrecen en total tienen 22 carreras t\u00e9cnicas y profesionales. Para mayor informaci\u00f3n se puede visitar el sitio <a href=\"about:blank\">www.tupuedes.cl<\/a>, llamar al 64 2 228255 o seguirnos en RRSS Santo Tom\u00e1s Osorno.<\/p>\n","protected":false},"excerpt":{"rendered":"<p>Gracias a esto, los estudiantes del Centro de Formaci\u00f3n T\u00e9cnica e Instituto Profesional Santo Tom\u00e1s tienen las puertas abiertas para realizar sus pr\u00e1cticas profesionales en variadas disciplinas en las dependencias de dicho complejo tur\u00edstico reconocido internacionalmente.<\/p>\n","protected":false},"author":1,"featured_media":3220,"comment_status":"closed","ping_status":"closed","sticky":false,"template":"","format":"standard","meta":{"footnotes":""},"categories":[11],"tags":[],"class_list":["post-3219","post","type-post","status-publish","format-standard","has-post-thumbnail","hentry","category-educacion"],"_links":{"self":[{"href":"https:\/\/www.semanariolocal.cl\/index.php?rest_route=\/wp\/v2\/posts\/3219","targetHints":{"allow":["GET"]}}],"collection":[{"href":"https:\/\/www.semanariolocal.cl\/index.php?rest_route=\/wp\/v2\/posts"}],"about":[{"href":"https:\/\/www.semanariolocal.cl\/index.php?rest_route=\/wp\/v2\/types\/post"}],"author":[{"embeddable":true,"href":"https:\/\/www.semanariolocal.cl\/index.php?rest_route=\/wp\/v2\/users\/1"}],"replies":[{"embeddable":true,"href":"https:\/\/www.semanariolocal.cl\/index.php?rest_route=%2Fwp%2Fv2%2Fcomments&post=3219"}],"version-history":[{"count":1,"href":"https:\/\/www.semanariolocal.cl\/index.php?rest_route=\/wp\/v2\/posts\/3219\/revisions"}],"predecessor-version":[{"id":3221,"href":"https:\/\/www.semanariolocal.cl\/index.php?rest_route=\/wp\/v2\/posts\/3219\/revisions\/3221"}],"wp:featuredmedia":[{"embeddable":true,"href":"https:\/\/www.semanariolocal.cl\/index.php?rest_route=\/wp\/v2\/media\/3220"}],"wp:attachment":[{"href":"https:\/\/www.semanariolocal.cl\/index.php?rest_route=%2Fwp%2Fv2%2Fmedia&parent=3219"}],"wp:term":[{"taxonomy":"category","embeddable":true,"href":"https:\/\/www.semanariolocal.cl\/index.php?rest_route=%2Fwp%2Fv2%2Fcategories&post=3219"},{"taxonomy":"post_tag","embeddable":true,"href":"https:\/\/www.semanariolocal.cl\/index.php?rest_route=%2Fwp%2Fv2%2Ftags&post=3219"}],"curies":[{"name":"wp","href":"https:\/\/api.w.org\/{rel}","templated":true}]}}