{"id":32176,"date":"2025-11-19T08:00:00","date_gmt":"2025-11-19T11:00:00","guid":{"rendered":"https:\/\/www.semanariolocal.cl\/?p=32176"},"modified":"2025-11-19T21:53:11","modified_gmt":"2025-11-20T00:53:11","slug":"primera-jornada-de-olimpiadas-escolares-rurales-convoco-a-establecimientos-de-microcentros","status":"publish","type":"post","link":"https:\/\/www.semanariolocal.cl\/?p=32176","title":{"rendered":"Primera Jornada de Olimpiadas Escolares Rurales convoc\u00f3 a establecimientos de microcentros"},"content":{"rendered":"\n<p><strong><mark style=\"background-color:#abb8c3\" class=\"has-inline-color has-white-color\">19 de Noviembre del 2025.-<\/mark><\/strong> Desde primera hora de este mi\u00e9rcoles 11 de noviembre, en Villa Ol\u00edmpica se dieron cita las Escuelas Municipales Rurales: Chacayal, Pelleco, Lumaco, Trinquicahu\u00edn y Mar\u00eda Luisa Bombal. Establecimientos multigrado o unidocentes que integran el Microcentro Rural, para una nueva versi\u00f3n de las Olimpiadas Escolares Rurales.<\/p>\n\n\n\n<p>Se trata de un evento deportivo, explic\u00f3 el Coordinador Comunal de Educaci\u00f3n Extraescolar, Eduardo Paicil, \u201c<strong><em>que se viene desarrollando por al menos 10 a\u00f1os consecutivos, con objeto de promover la actividad f\u00edsica y vida sana de los educandos, pero tambi\u00e9n como instancia de reuni\u00f3n y comuni\u00f3n entre establecimientos rurales. Instancia en la cual se miden deportivamente en las disciplinas de Salto Largo, Lanzamiento de la Pelotita, Futbolito Mixto, 50, 60 y 200 metros planos y Relevo Mixto de 4&#215;100, en las categor\u00edas Pre Penecas, Penecas y Selecci\u00f3n<\/em><\/strong>\u201d.<\/p>\n\n\n\n<p>Si bien en sus inicios se desarrollaba en los terrenos rurales donde se hayan insertas las mismas Escuelas, explic\u00f3 Paicil, \u201c<strong><em>con los a\u00f1os, trasladamos el evento deportivo al principal recinto deportivo Municipal de nuestra comuna, con objeto de profesionalizar la actividad, demostrando el compromiso con nuestros estudiantes y porque \u00e9stos accedan de forma igualitaria a condiciones deportivas \u00f3ptimas<\/em><\/strong>\u201d.<\/p>\n\n\n\n<p>La jornada, que adem\u00e1s cont\u00f3 con el apoyo de familiares que orgullosos desde las gradas alentaban a sus hijas e hijos, tuvo como hito especial, la prueba de \u201cAtletismo Adaptado\u201d, con objeto que los estudiantes con Necesidades Educativas Especiales, tambi\u00e9n fueran parte del evento deportivo, demostrando Inclusi\u00f3n en los eventos educativos municipales.<\/p>\n\n\n\n<p>Destacar que la segunda jornada de las Olimpiadas Escolares Rurales, ser\u00e1 el pr\u00f3ximo mi\u00e9rcoles 26 de noviembre a partir de las 10:00 horas, tambi\u00e9n en Villa Ol\u00edmpica, oportunidad en la cual los 10 Establecimientos Rurales restantes, se reunir\u00e1n para definir a su campe\u00f3n.<\/p>\n","protected":false},"excerpt":{"rendered":"<p>Evento en el cual debut\u00f3 la prueba de Atletismo Adaptado, especialmente pensado para estudiantes con Necesidades Educativas Especiales.<\/p>\n","protected":false},"author":1,"featured_media":32177,"comment_status":"closed","ping_status":"closed","sticky":false,"template":"","format":"standard","meta":{"footnotes":""},"categories":[2434,11,3597,4353,4354],"tags":[2118,337,273,247,133],"class_list":["post-32176","post","type-post","status-publish","format-standard","has-post-thumbnail","hentry","category-deporte","category-educacion","category-municipalidad","category-osorno","category-sector-rural","tag-semanariolocal","tag-informacion","tag-noticias","tag-region-de-los-lagos","tag-semanario-local"],"_links":{"self":[{"href":"https:\/\/www.semanariolocal.cl\/index.php?rest_route=\/wp\/v2\/posts\/32176","targetHints":{"allow":["GET"]}}],"collection":[{"href":"https:\/\/www.semanariolocal.cl\/index.php?rest_route=\/wp\/v2\/posts"}],"about":[{"href":"https:\/\/www.semanariolocal.cl\/index.php?rest_route=\/wp\/v2\/types\/post"}],"author":[{"embeddable":true,"href":"https:\/\/www.semanariolocal.cl\/index.php?rest_route=\/wp\/v2\/users\/1"}],"replies":[{"embeddable":true,"href":"https:\/\/www.semanariolocal.cl\/index.php?rest_route=%2Fwp%2Fv2%2Fcomments&post=32176"}],"version-history":[{"count":1,"href":"https:\/\/www.semanariolocal.cl\/index.php?rest_route=\/wp\/v2\/posts\/32176\/revisions"}],"predecessor-version":[{"id":32178,"href":"https:\/\/www.semanariolocal.cl\/index.php?rest_route=\/wp\/v2\/posts\/32176\/revisions\/32178"}],"wp:featuredmedia":[{"embeddable":true,"href":"https:\/\/www.semanariolocal.cl\/index.php?rest_route=\/wp\/v2\/media\/32177"}],"wp:attachment":[{"href":"https:\/\/www.semanariolocal.cl\/index.php?rest_route=%2Fwp%2Fv2%2Fmedia&parent=32176"}],"wp:term":[{"taxonomy":"category","embeddable":true,"href":"https:\/\/www.semanariolocal.cl\/index.php?rest_route=%2Fwp%2Fv2%2Fcategories&post=32176"},{"taxonomy":"post_tag","embeddable":true,"href":"https:\/\/www.semanariolocal.cl\/index.php?rest_route=%2Fwp%2Fv2%2Ftags&post=32176"}],"curies":[{"name":"wp","href":"https:\/\/api.w.org\/{rel}","templated":true}]}}