{"id":3216,"date":"2021-11-25T10:45:46","date_gmt":"2021-11-25T13:45:46","guid":{"rendered":"https:\/\/www.semanariolocal.cl\/?p=3216"},"modified":"2021-11-25T10:45:46","modified_gmt":"2021-11-25T13:45:46","slug":"ulagos-se-adjudica-equipamiento-para-investigar-impactos-en-salud","status":"publish","type":"post","link":"https:\/\/www.semanariolocal.cl\/?p=3216","title":{"rendered":"Ulagos se adjudica equipamiento para investigar impactos en salud"},"content":{"rendered":"\n<p style=\"font-size:17px\">Seg\u00fan estudios, la inactividad f\u00edsica es un factor responsable de m\u00faltiples enfermedades, como la diabetes y la hipertensi\u00f3n arterial, provocando una gran cantidad de grasa corporal, llegando a ser un riesgo para la mortalidad en la poblaci\u00f3n. Esto, en conjunto con el sedentarismo, se ha visto incrementado producto del confinamiento producido por el COVID19.<\/p>\n\n\n\n<p style=\"font-size:17px\">La Universidad de Los Lagos, enfocada siempre en desarrollar una investigaci\u00f3n pertinente, con sentido y de calidad, adquiri\u00f3 un moderno equipo que ayudar\u00e1 a investigar los efectos de la inactividad f\u00edsica, causada por estilo de vida y pandemia COVID 19, sobre la composici\u00f3n corporal (cantidad de masa grasa, muscular y \u00f3sea), en escolares, personas mayores, adultos con obesidad y deportistas.<\/p>\n\n\n\n<p style=\"font-size:17px\">Este equipo fue obtenido gracias a la adjudicaci\u00f3n por parte de investigadores del Departamento de Salud y de Ciencias de la Actividad F\u00edsica de la Ulagos, del FONDEQUIP 2021, para la adquisici\u00f3n de un equipo de Scanner de Absorciometr\u00eda Dual de rayos X. Cristian \u00c1lvarez, investigador principal del equipo y doctor en Ciencias de la Salud, comenta al respecto, \u201cla adquisici\u00f3n del equipamiento iDEXA tiene la posibilidad de monitorear diferentes tipos de poblaciones y grupos etarios, quienes hemos sufrido los efectos del confinamiento obligatorio desde diferentes puntos de vista y condiciones, pero por sobre todo, donde a\u00fan no vemos ni la punta del iceberg en lo referente a cosas tan precisas de c\u00f3mo se ha visto afectado, por ejemplo, el tejido \u00f3seo bajo estas condiciones, y de cu\u00e1nto tiempo se requerir\u00e1 para normalizar esta situaci\u00f3n, entre muchas otras incertidumbres y efectos negativos que ha ocasionado la pandemia\u201d<\/p>\n\n\n\n<p style=\"font-size:17px\">Por su parte, Sandra R\u00edos, Directora de Investigaci\u00f3n de la U. de Los Lagos agrega la importancia de la adquisici\u00f3n de tecnolog\u00eda de este calibre para la investigaci\u00f3n \u201cel equipo de Scanner de Absorciometr\u00eda Dual de rayos X generar\u00e1 importante informaci\u00f3n enmarcada dentro de nuestra \u00e1rea prioritaria Calidad de Vida y Bienestar Humano que tiene como misi\u00f3n el contribuir al bienestar de la poblaci\u00f3n, a trav\u00e9s de la generaci\u00f3n de investigaci\u00f3n relacionada con problemas epidemiol\u00f3gicos relacionados con los modos de vida actual y su articulaci\u00f3n con una mirada integral del proceso salud-enfermedad. En este sentido, se consideran los efectos preventivos y terap\u00e9uticos que tienen sobre la salud patrones de vida saludables como el ejercicio f\u00edsico, la alimentaci\u00f3n y otros. Todo con la finalidad de generar investigaci\u00f3n de calidad, sentido y pertinente para nuestros territorios\u201d<\/p>\n\n\n\n<p style=\"font-size:17px\">Este equipamiento considera a un grupo de investigadores de la Universidad de Los Lagos, Universidad San Sebasti\u00e1n (Valdivia), Universidad de la Frontera hasta casas de estudios brasile\u00f1as; Universidad de Rio Grande y Universidad de Santa Cruz. La evidencia obtenida aportar\u00e1 tambi\u00e9n a la creaci\u00f3n de un BioBanco de almacenamiento de datos, el cual favorecer\u00e1 a la toma de decisiones y estrategias en torno a la inactividad f\u00edsica en la poblaci\u00f3n.<\/p>\n\n\n\n<p style=\"font-size:17px\">Esta es una importante noticia para la Regi\u00f3n de Los Lagos, ya que se consigue un equipo de alta tecnolog\u00eda que aportar\u00eda a la estimaci\u00f3n de las consecuencias en la composici\u00f3n corporal que trajo el confinamiento por COVID 19, y una base para el apoyo de mejores medidas en el \u00e1mbito social y de salud. \u201cPodremos ofrecer un servicio de an\u00e1lisis de la composici\u00f3n corporal completa, incluyendo la densitometr\u00eda \u00f3sea con un moderno equipo que nos permitir\u00e1 poder estudiar el estado de cambio en algunos tejidos (masa muscular, masa grasa y densidad mineral \u00f3sea), adem\u00e1s, que permitir\u00e1 ofrecer un servicio de evaluaci\u00f3n a deportistas y equipos deportivos con fines de monitoreo y prevenci\u00f3n de lesiones\u201d, finaliza el acad\u00e9mico \u00c1lvarez.<\/p>\n","protected":false},"excerpt":{"rendered":"<p>Seg\u00fan estudios, la inactividad f\u00edsica es un factor responsable de m\u00faltiples enfermedades, como la diabetes y la hipertensi\u00f3n arterial, provocando una gran cantidad de grasa corporal, llegando a ser un riesgo para la mortalidad en la poblaci\u00f3n. Esto, en conjunto con el sedentarismo, se ha visto incrementado producto del confinamiento producido por el COVID19. La&#8230;<a class=\"btnReadMore\" href=\"https:\/\/www.semanariolocal.cl\/?p=3216\"> Leer M\u00e1s<\/a><\/p>\n","protected":false},"author":1,"featured_media":3217,"comment_status":"closed","ping_status":"closed","sticky":false,"template":"","format":"standard","meta":{"footnotes":""},"categories":[3,11],"tags":[],"class_list":["post-3216","post","type-post","status-publish","format-standard","has-post-thumbnail","hentry","category-al-dia","category-educacion"],"_links":{"self":[{"href":"https:\/\/www.semanariolocal.cl\/index.php?rest_route=\/wp\/v2\/posts\/3216","targetHints":{"allow":["GET"]}}],"collection":[{"href":"https:\/\/www.semanariolocal.cl\/index.php?rest_route=\/wp\/v2\/posts"}],"about":[{"href":"https:\/\/www.semanariolocal.cl\/index.php?rest_route=\/wp\/v2\/types\/post"}],"author":[{"embeddable":true,"href":"https:\/\/www.semanariolocal.cl\/index.php?rest_route=\/wp\/v2\/users\/1"}],"replies":[{"embeddable":true,"href":"https:\/\/www.semanariolocal.cl\/index.php?rest_route=%2Fwp%2Fv2%2Fcomments&post=3216"}],"version-history":[{"count":1,"href":"https:\/\/www.semanariolocal.cl\/index.php?rest_route=\/wp\/v2\/posts\/3216\/revisions"}],"predecessor-version":[{"id":3218,"href":"https:\/\/www.semanariolocal.cl\/index.php?rest_route=\/wp\/v2\/posts\/3216\/revisions\/3218"}],"wp:featuredmedia":[{"embeddable":true,"href":"https:\/\/www.semanariolocal.cl\/index.php?rest_route=\/wp\/v2\/media\/3217"}],"wp:attachment":[{"href":"https:\/\/www.semanariolocal.cl\/index.php?rest_route=%2Fwp%2Fv2%2Fmedia&parent=3216"}],"wp:term":[{"taxonomy":"category","embeddable":true,"href":"https:\/\/www.semanariolocal.cl\/index.php?rest_route=%2Fwp%2Fv2%2Fcategories&post=3216"},{"taxonomy":"post_tag","embeddable":true,"href":"https:\/\/www.semanariolocal.cl\/index.php?rest_route=%2Fwp%2Fv2%2Ftags&post=3216"}],"curies":[{"name":"wp","href":"https:\/\/api.w.org\/{rel}","templated":true}]}}