{"id":32127,"date":"2025-11-17T16:39:19","date_gmt":"2025-11-17T19:39:19","guid":{"rendered":"https:\/\/www.semanariolocal.cl\/?p=32127"},"modified":"2025-11-17T16:39:20","modified_gmt":"2025-11-17T19:39:20","slug":"con-ninas-de-puerto-montt-y-osorno-programa-stemos-inspiradas-finalizo-su-recorrido","status":"publish","type":"post","link":"https:\/\/www.semanariolocal.cl\/?p=32127","title":{"rendered":"Con ni\u00f1as de Puerto Montt y Osorno Programa STEMos Inspiradas finaliz\u00f3 su recorrido"},"content":{"rendered":"\n<p><strong><mark style=\"background-color:#abb8c3\" class=\"has-inline-color has-white-color\">17 de noviembre del 2025.- <\/mark><\/strong>\u00a0Con actividades realizadas en Puerto Montt y Osorno, el\u00a0<strong>Programa<\/strong>\u00a0<strong>STEMos Inspiradas<\/strong>, desarrollado por\u00a0<strong>Finning<\/strong>\u00a0e\u00a0<strong>Inspiring Girls Chile<\/strong>, culmin\u00f3 su recorrido por el sur del pa\u00eds, beneficiando en total a m\u00e1s de\u00a0<strong>200 alumnas<\/strong>\u00a0de entre 11 y 14 a\u00f1os, desde Concepci\u00f3n hasta Punta Arenas.<\/p>\n\n\n\n<p>La iniciativa, que durante todo el a\u00f1o ha recorrido distintas regiones, busca&nbsp;<strong>empoderar a las nuevas generaciones de ni\u00f1as<\/strong>&nbsp;y&nbsp;<strong>derribar estereotipos de g\u00e9nero<\/strong>&nbsp;que han limitado la participaci\u00f3n femenina en \u00e1reas STEM (ciencia, tecnolog\u00eda, ingenier\u00eda y matem\u00e1ticas).<\/p>\n\n\n\n<p>En esta oportunidad, el programa lleg\u00f3 a la&nbsp;<strong>Regi\u00f3n de Los Lagos<\/strong>, con dos jornadas llenas de aprendizaje y creatividad. El&nbsp;<strong>4 de noviembre<\/strong>&nbsp;se realiz\u00f3 una actividad en la&nbsp;<strong>Escuela Sociedad de Socorro<\/strong>&nbsp;de Osorno, con el apoyo de&nbsp;<strong>SAESA<\/strong>, y el&nbsp;<strong>5 de noviembre<\/strong>&nbsp;en la&nbsp;<strong>Escuela Cayenel<\/strong>&nbsp;de Puerto Montt, con la colaboraci\u00f3n de&nbsp;<strong>CPT<\/strong>.<\/p>\n\n\n\n<p>Las ni\u00f1as y j\u00f3venes -50 en total entre ambos establecimientos- participaron en talleres pr\u00e1cticos de&nbsp;<strong>dom\u00f3tica<\/strong>, donde aprendieron sobre tecnolog\u00eda aplicada al hogar y construyeron circuitos el\u00e9ctricos utilizando kits educativos. Las din\u00e1micas se centraron en el trabajo colaborativo, la resoluci\u00f3n de problemas y el pensamiento l\u00f3gico.<\/p>\n\n\n\n<p>\u201cFue una bonita experiencia, aprendimos cosas nuevas y trabajamos en equipo con nuestras compa\u00f1eras\u201d, coment\u00f3&nbsp;<strong>Javiera<\/strong>, estudiante de s\u00e9ptimo b\u00e1sico de la Escuela Cayenel.<\/p>\n\n\n\n<p>Docentes y autoridades locales coincidieron en la importancia de acercar a las ni\u00f1as a este tipo de experiencias que ampl\u00edan su horizonte vocacional.&nbsp;<strong>Javiera D\u00edaz<\/strong>, profesora del mismo establecimiento, valor\u00f3 el enfoque del programa: \u201cEstas actividades permiten a las alumnas conocer nuevos horizontes y descubrir oportunidades en \u00e1reas que muchas veces no se asocian con las mujeres\u201d.<\/p>\n\n\n\n<p>En la misma l\u00ednea,&nbsp;<strong>Jocelyn Kram Soto<\/strong>, encargada comunal de Convivencia Educativa, destac\u00f3 que \u201ceste programa contribuye a empoderar a las ni\u00f1as para que se animen a explorar y aprender sobre diferentes disciplinas\u201d.<\/p>\n\n\n\n<p><strong><br>Promoviendo un ecosistema integral<\/strong><\/p>\n\n\n\n<p>El&nbsp;<strong>Programa STEMos Inspiradas&nbsp;<\/strong>busca impactar de manera integral a la comunidad educativa. Por ello, no solo las alumnas fueron protagonistas: los&nbsp;<strong>estudiantes varones<\/strong>&nbsp;participaron en talleres de&nbsp;<strong>gesti\u00f3n emocional<\/strong>, mientras que&nbsp;<strong>docentes y apoderados<\/strong>&nbsp;asistieron a charlas sobre&nbsp;<strong>sesgos de g\u00e9nero<\/strong>&nbsp;y&nbsp;<strong>educaci\u00f3n inclusiva<\/strong>.<br>De esta forma, el proyecto busca&nbsp;<strong>involucrar a toda la comunidad escolar<\/strong>&nbsp;en la construcci\u00f3n de entornos libres de estereotipos, promoviendo la igualdad de oportunidades desde el aula y el hogar.<\/p>\n\n\n\n<p>\u201cNuestro objetivo es que las ni\u00f1as vean que el mundo STEM tambi\u00e9n les pertenece\u201d, afirm\u00f3&nbsp;<strong>Daniela Flores<\/strong>, gerenta de Comunicaciones Corporativas de&nbsp;<strong>Finning<\/strong>. \u201cEn Finning estamos convencidos de que la diversidad y la innovaci\u00f3n son claves para el desarrollo sostenible de las industrias y las comunidades. A trav\u00e9s de estas iniciativas, impulsamos la inclusi\u00f3n del talento femenino y abrimos espacios para la innovaci\u00f3n en todo Chile\u201d, agreg\u00f3.<\/p>\n\n\n\n<p>Por su parte,&nbsp;<strong>Macarena Salosny<\/strong>, presidenta de la&nbsp;<strong>Fundaci\u00f3n Inspiring Girls Chile<\/strong>, destac\u00f3 los avances logrados durante este a\u00f1o: \u201cCon esta visita completamos ocho viajes por distintas regiones del pa\u00eds. Ha sido un trabajo maravilloso que nos ha permitido conectar con ni\u00f1as y j\u00f3venes en torno al mundo STEM, dejando una huella en sus futuras decisiones vocacionales\u201d.<\/p>\n","protected":false},"excerpt":{"rendered":"<p>La iniciativa, impulsada por Finning e Inspiring Girls Chile, lleg\u00f3 a la Regi\u00f3n de Los Lagos para fomentar la curiosidad, el pensamiento l\u00f3gico y una cultura libre de sesgos entre estudiantes de ense\u00f1anza b\u00e1sica.<\/p>\n","protected":false},"author":1,"featured_media":32128,"comment_status":"closed","ping_status":"closed","sticky":false,"template":"","format":"standard","meta":{"footnotes":""},"categories":[3,11,3858,4738,3823,4395],"tags":[337,4295,273,132,113,247,133],"class_list":["post-32127","post","type-post","status-publish","format-standard","has-post-thumbnail","hentry","category-al-dia","category-educacion","category-fundaciones","category-jovenes","category-ong","category-sociedad","tag-informacion","tag-jovenes","tag-noticias","tag-osorno","tag-puerto-montt","tag-region-de-los-lagos","tag-semanario-local"],"_links":{"self":[{"href":"https:\/\/www.semanariolocal.cl\/index.php?rest_route=\/wp\/v2\/posts\/32127","targetHints":{"allow":["GET"]}}],"collection":[{"href":"https:\/\/www.semanariolocal.cl\/index.php?rest_route=\/wp\/v2\/posts"}],"about":[{"href":"https:\/\/www.semanariolocal.cl\/index.php?rest_route=\/wp\/v2\/types\/post"}],"author":[{"embeddable":true,"href":"https:\/\/www.semanariolocal.cl\/index.php?rest_route=\/wp\/v2\/users\/1"}],"replies":[{"embeddable":true,"href":"https:\/\/www.semanariolocal.cl\/index.php?rest_route=%2Fwp%2Fv2%2Fcomments&post=32127"}],"version-history":[{"count":1,"href":"https:\/\/www.semanariolocal.cl\/index.php?rest_route=\/wp\/v2\/posts\/32127\/revisions"}],"predecessor-version":[{"id":32129,"href":"https:\/\/www.semanariolocal.cl\/index.php?rest_route=\/wp\/v2\/posts\/32127\/revisions\/32129"}],"wp:featuredmedia":[{"embeddable":true,"href":"https:\/\/www.semanariolocal.cl\/index.php?rest_route=\/wp\/v2\/media\/32128"}],"wp:attachment":[{"href":"https:\/\/www.semanariolocal.cl\/index.php?rest_route=%2Fwp%2Fv2%2Fmedia&parent=32127"}],"wp:term":[{"taxonomy":"category","embeddable":true,"href":"https:\/\/www.semanariolocal.cl\/index.php?rest_route=%2Fwp%2Fv2%2Fcategories&post=32127"},{"taxonomy":"post_tag","embeddable":true,"href":"https:\/\/www.semanariolocal.cl\/index.php?rest_route=%2Fwp%2Fv2%2Ftags&post=32127"}],"curies":[{"name":"wp","href":"https:\/\/api.w.org\/{rel}","templated":true}]}}