{"id":3210,"date":"2021-11-25T08:21:00","date_gmt":"2021-11-25T11:21:00","guid":{"rendered":"https:\/\/www.semanariolocal.cl\/?p=3210"},"modified":"2021-11-25T10:24:33","modified_gmt":"2021-11-25T13:24:33","slug":"estado-del-empleo-en-la-regionsegun-el-termometro-laboral-noviembre-2021","status":"publish","type":"post","link":"https:\/\/www.semanariolocal.cl\/?p=3210","title":{"rendered":"Estado del empleo en la Regi\u00f3nseg\u00fan el Term\u00f3metro Laboral noviembre 2021"},"content":{"rendered":"\n<p style=\"font-size:17px\">El Observatorio Laboral de la regi\u00f3n liderado por Sence y ejecutado por la Universidad de Los Lagos presenta a trav\u00e9s del Term\u00f3metro Laboral, indicadores mensuales del mercado laboral regional y nacional, haciendo \u00e9nfasis en aspectos relativos a la ocupaci\u00f3n y composici\u00f3n de la fuerza de trabajo, calidad y estado del empleo en subgrupos de la poblaci\u00f3n (mujeres, adultos mayores, j\u00f3venes, etc.), utilizando los datos de la Encuesta Nacional de Empleo (ENE) del Instituto Nacional de Estad\u00edsticas (INE).<\/p>\n\n\n\n<p style=\"font-size:17px\">A partir de esta fuente de datos, se identifican cambios relevantes desde el comienzo de la crisis sanitaria asociada al COVID-19. Adem\u00e1s, se incorpora informaci\u00f3n sobre la ejecuci\u00f3n de los programas de subsidio al empleo administrados por SENCE.<\/p>\n\n\n\n<p style=\"font-size:17px\">DATOS<\/p>\n\n\n\n<p style=\"font-size:17px\">Durante el trimestre m\u00f3vil Julio-Septiembre 2021 la&nbsp;<strong>fuerza de trabajo<\/strong>&nbsp;(ocupados m\u00e1s desocupados) alcanz\u00f3 a 339.826 personas; esto es un 2,4% m\u00e1s alto en comparaci\u00f3n al mismo trimestre del a\u00f1o 2020.<\/p>\n\n\n\n<p style=\"font-size:17px\">Como contexto, es necesario se\u00f1alar que con respecto a Julio, Agosto, Septiembre 2019, la actual fuerza de trabajo es un 20,8% m\u00e1s baja, y que corresponde a 89.296 personas menos. Respecto al&nbsp;<strong>n\u00famero total de ocupados<\/strong>&nbsp;en el trimestre Julio-Septiembre 2021, este alcanza a 329.544 personas. En comparaci\u00f3n al mismo trimestre del 2020, el actual dato muestra 20.200 empleos m\u00e1s, es decir, un incremento del 6,5%. Igualmente, como contexto, con respecto al mismo trimestre 2019, hay 86.127 personas ocupadas menos (-20,7%).<\/p>\n\n\n\n<p style=\"font-size:17px\">La&nbsp;<strong>tasa de ocupaci\u00f3n regional&nbsp;<\/strong>alcanza el 45,4%, que es 2.3 pp. m\u00e1s alta con el trimestre Julio, Agosto, Septiembre 2020. Sin embargo, todav\u00eda est\u00e1 debajo del 58,6% del 2019. El pa\u00eds, por su parte, muestra un aumento de su tasa desde el 51,8% en el trimestre anterior a un actual 52,3%. Esto significa que la actual brecha de la tasa regional con respecto al pa\u00eds es de 6,9 pp.<\/p>\n\n\n\n<p style=\"font-size:17px\">El&nbsp;<strong>trabajo por cuenta propia<\/strong>, en un a\u00f1o crece desde 63.596 a 81.818, es decir, crece un 24,1%. Por su parte, los asalariados privados aumentaron un 6,2%,: aunque los asalariados p\u00fablicos disminuyen en un 9%.<\/p>\n\n\n\n<p style=\"font-size:17px\"><strong>Por nivel educacional<\/strong>, persisten tasas de ocupaci\u00f3n bajas en personas con educaci\u00f3n superior incompleta (26,9%). Los grupos que tienen educaci\u00f3n profesional completa y t\u00e9cnica completa siempre destacan por sus mayores tasas de ocupaci\u00f3n (70,1% y 75,7%). A diferencia de administraci\u00f3n p\u00fablica, y transporte y almacenamiento, parte de los dem\u00e1s sectores econ\u00f3micos muestran un aumento del n\u00famero de ocupados entre Julio, Agosto, Septiembe 2020 y el actual Julio, Agosto, Septiembre 2021.<\/p>\n\n\n\n<p style=\"font-size:17px\">Las tres mayores alzas porcentuales en empleo se observan en los sectores de Construcci\u00f3n (21,5%), Comercio (18,7%) y Silvoagropecuario y pesca (12,2%), que en su conjunto representan una recuperaci\u00f3n de 19.808 empleos.<\/p>\n\n\n\n<p style=\"font-size:17px\"><strong>Informalidad:<\/strong>&nbsp;Con respecto el trimestre anterior, la tasa de ocupaci\u00f3n informal en Los Lagos aumenta a 26,7% siendo proporcionalmente mayor en los tramos de mayor edad. El pa\u00eds por su parte tambi\u00e9n muestra una ligera alza con respecto al trimestre anterior, de 27,1% a 27,7%.<\/p>\n\n\n\n<p style=\"font-size:17px\">La actual tasa de informalidad regional es m\u00e1s alta si es comparada con el trimestre Julio Sep 2020, donde alcanz\u00f3 un 23,2%. Como contexto a las cifras, hay que se\u00f1alar que, en comparaci\u00f3n al a\u00f1o 2019, el actual n\u00famero de ocupados informales es m\u00e1s bajo; concretamente en Julio, Agosto, Septiembre 2021 son 88.029, y en Julio, Agosto, Septiembre 2019 alcanz\u00f3 a 116.137 personas trabajando en esta condici\u00f3n.<\/p>\n\n\n\n<p style=\"font-size:17px\"><strong>Inactividad:<\/strong>&nbsp;&nbsp;Las tasas de inactividad laboral en la Regi\u00f3n son m\u00e1s altas que el pa\u00eds (53,1% versus 42,9% respectivamente). En la regi\u00f3n, las mujeres registran una tasa de inactividad de 63,7% y en hombres de un 42,4%. Entre Julio, Agosto, Septiembre 2021 y 2021, el total de inactivos en la regi\u00f3n var\u00eda levemente, ya que de 385.865 personas inactivas laboralmente en el 2020, pasa a 385.478 en el presente trimestre.<\/p>\n\n\n\n<p style=\"font-size:17px\">Respecto a las principales razones para no trabajar o buscar empleo las tres principales razones, que concentran el 69,4% las causas para estar fuera del mercado del trabajo son: Persona jubilada, pensionada o rentista; por responsabilidad familiares permanentes; y est\u00e1 estudiando o prepar\u00e1ndose para estudiar. En t\u00e9rminos de variaci\u00f3n porcentual interanuales, destaca el aumento de \u201cPor motivos de salud\u201d que crece en un 43,3%.<\/p>\n\n\n\n<p style=\"font-size:17px\">Term\u00f3metro Laboral<\/p>\n\n\n\n<p style=\"font-size:17px\"><a href=\"https:\/\/observatorionacionalapi.sence.cl\/observatorios\/descargas\/descarga-1636575150260.pdf\">https:\/\/observatorionacionalapi.sence.cl\/observatorios\/descargas\/descarga-1636575150260.pdf<\/a><\/p>\n","protected":false},"excerpt":{"rendered":"<p>El Observatorio Laboral de la regi\u00f3n liderado por Sence y ejecutado por la Universidad de Los Lagos presenta a trav\u00e9s del Term\u00f3metro Laboral, indicadores mensuales del mercado laboral regional y nacional, haciendo \u00e9nfasis en aspectos relativos a la ocupaci\u00f3n y composici\u00f3n de la fuerza de trabajo, calidad y estado del empleo en subgrupos de la&#8230;<a class=\"btnReadMore\" href=\"https:\/\/www.semanariolocal.cl\/?p=3210\"> Leer M\u00e1s<\/a><\/p>\n","protected":false},"author":1,"featured_media":3211,"comment_status":"closed","ping_status":"closed","sticky":false,"template":"","format":"standard","meta":{"footnotes":""},"categories":[3,12],"tags":[],"class_list":["post-3210","post","type-post","status-publish","format-standard","has-post-thumbnail","hentry","category-al-dia","category-economia"],"_links":{"self":[{"href":"https:\/\/www.semanariolocal.cl\/index.php?rest_route=\/wp\/v2\/posts\/3210","targetHints":{"allow":["GET"]}}],"collection":[{"href":"https:\/\/www.semanariolocal.cl\/index.php?rest_route=\/wp\/v2\/posts"}],"about":[{"href":"https:\/\/www.semanariolocal.cl\/index.php?rest_route=\/wp\/v2\/types\/post"}],"author":[{"embeddable":true,"href":"https:\/\/www.semanariolocal.cl\/index.php?rest_route=\/wp\/v2\/users\/1"}],"replies":[{"embeddable":true,"href":"https:\/\/www.semanariolocal.cl\/index.php?rest_route=%2Fwp%2Fv2%2Fcomments&post=3210"}],"version-history":[{"count":1,"href":"https:\/\/www.semanariolocal.cl\/index.php?rest_route=\/wp\/v2\/posts\/3210\/revisions"}],"predecessor-version":[{"id":3212,"href":"https:\/\/www.semanariolocal.cl\/index.php?rest_route=\/wp\/v2\/posts\/3210\/revisions\/3212"}],"wp:featuredmedia":[{"embeddable":true,"href":"https:\/\/www.semanariolocal.cl\/index.php?rest_route=\/wp\/v2\/media\/3211"}],"wp:attachment":[{"href":"https:\/\/www.semanariolocal.cl\/index.php?rest_route=%2Fwp%2Fv2%2Fmedia&parent=3210"}],"wp:term":[{"taxonomy":"category","embeddable":true,"href":"https:\/\/www.semanariolocal.cl\/index.php?rest_route=%2Fwp%2Fv2%2Fcategories&post=3210"},{"taxonomy":"post_tag","embeddable":true,"href":"https:\/\/www.semanariolocal.cl\/index.php?rest_route=%2Fwp%2Fv2%2Ftags&post=3210"}],"curies":[{"name":"wp","href":"https:\/\/api.w.org\/{rel}","templated":true}]}}