{"id":32090,"date":"2025-11-13T09:29:43","date_gmt":"2025-11-13T12:29:43","guid":{"rendered":"https:\/\/www.semanariolocal.cl\/?p=32090"},"modified":"2025-11-13T09:29:44","modified_gmt":"2025-11-13T12:29:44","slug":"osorno-reunira-a-obras-de-teatro-de-las-comunas-puyehue-y-temuco","status":"publish","type":"post","link":"https:\/\/www.semanariolocal.cl\/?p=32090","title":{"rendered":"Osorno reunir\u00e1 a obras de Teatro de las comunas, Puyehue y Temuco"},"content":{"rendered":"\n<p><strong><mark style=\"background-color:#abb8c3\" class=\"has-inline-color has-white-color\">13 de Noviembre del 2025.-<\/mark><\/strong> El Teatro Municipal de Osorno ser\u00e1 el punto de encuentro para una nueva versi\u00f3n de \u201cFragua\u201d, en donde ocho compa\u00f1\u00edas con elencos locales presentar\u00e1n el trabajo de un a\u00f1o como parte del programa de \u201cElencos Ciudadanos\u201d desarrollado por Territorio Teatral en Los Lagos y La Araucan\u00eda<\/p>\n\n\n\n<p>El Director Creativo de Territorio Teatral se refiri\u00f3 al consolidado encuentro y al trabajo que desarrollaron las compa\u00f1\u00edas durante este a\u00f1o<\/p>\n\n\n\n<p>\u201c<em>Fragua es un espacio importante porque permite a la ciudadan\u00eda mostrar sus creaciones, exhibir sus discursos esc\u00e9nicos y va fortaleciendo la relaci\u00f3n entre los espacios culturales, los artistas, la ciudadan\u00eda y el p\u00fablico que siempre nos acompa\u00f1a en Osorno.<\/em><\/p>\n\n\n\n<p><em>As\u00ed que estamos muy contentos, sabemos que va a llenarse el teatro municipal de Osorno durante este encuentro\u201d.<\/em><\/p>\n\n\n\n<p>Cada d\u00eda del encuentro se presentar\u00e1n dos obras, con funciones desde las 19:00 hrs y tickets disponibles en&nbsp;<a href=\"http:\/\/www.territorioteatral.com\/\" target=\"_blank\" rel=\"noreferrer noopener\">www.territorioteatral.com<\/a>, adem\u00e1s de la boleter\u00eda en el teatro previo a cada jornada.<\/p>\n\n\n\n<p><strong>Una variada cartelera con voces locales<\/strong><\/p>\n\n\n\n<p>El&nbsp;<strong>mi\u00e9rcoles 19<\/strong>&nbsp;la cuarta edici\u00f3n de Fragua comienza con la obra&nbsp;<em>\u201cEl olvido es un r\u00edo que se lleva hasta los nombres\u201d&nbsp;<\/em>de la Compa\u00f1\u00eda \u201cCandela\u201d de la Corporaci\u00f3n Cultural de Osorno, compuesta por mujeres jefas de hogar de la comuna y que rescata testimonios de abuelas maternas, memorias de campo, matrimonio, maternidad, amor, resistencia y supervivencia.<\/p>\n\n\n\n<p>La jornada finaliza con la obra \u201cFalsas Promesas\u201d de la compa\u00f1\u00eda \u201cTeatro 40\u201d de la Corporaci\u00f3n Cultural de Osorno.<\/p>\n\n\n\n<p>\u201cEn una feria cualquiera, donde la vida se gana entre gritos, risas y barro, un grupo de feriantes lucha por sostener su mundo. Un d\u00eda llega la noticia del \u201cprogreso\u201d: ser\u00e1n reubicados en una feria moderna, limpia y ordenada. Las autoridades prometen oportunidades, pero pronto las palabras se vuelven \u00f3rdenes, y las promesas se deshacen entre papeles sellados y meg\u00e1fonos encendidos.<\/p>\n\n\n\n<p>El&nbsp;<strong>jueves 20&nbsp;<\/strong>la fecha comienza con el elenco de la Universidad de la Frontera de Temuco con la obra \u201cEl TOC de Chile\u201d, en donde se tratan temas de salud mental, encarnado por cuatro personajes que sufren trastornos de conducta,&nbsp; con un relato que navega entre la comedia y el drama.<\/p>\n\n\n\n<p>Posteriormente, el elenco \u201cNentuya \u00dcl\u201d de Osorno, presentan la obra \u201cINCHE SEWMA M\u00dcLEJUN\u2026&nbsp; Y yo ya estaba\u2026\u201d con&nbsp; historias de expulsi\u00f3n, expropiaci\u00f3n y despojo que han marcado los \u00faltimos 150 a\u00f1os del territorio del Futa-Willimapu, un espacio donde innumerables comunidades fueron desplazadas por intereses econ\u00f3micos y por la expansi\u00f3n del dominio estatal.<\/p>\n\n\n\n<p>El&nbsp;<strong>viernes 21<\/strong>&nbsp;el Elenco \u201cSol de Ocaso\u201d de Puyehue presentar\u00e1&nbsp;<em>\u00abEl amor en tiempos de lluvia o La Negra Ester en tiempos de furia\u00bb<\/em>la cual relata la historia de \u201cel Para\u00edso de Puyehue, un cabaret reconocido del sur de Chile, se celebra la vida y se llora tambi\u00e9n. El Para\u00edso est\u00e1 lleno de personas que intentan vivir la vida y decidir si le entregan un segundo del d\u00eda al amor para ver si mengua un poco la lluvia\u201d<\/p>\n\n\n\n<p>Posteriormente es el turno de \u201c\u00c9rase una vez un casorio\u201d de la compa\u00f1\u00eda Mirasur, una comed\u00eda costumbrista que rescata la tradici\u00f3n del Velorio de campo y sus personajes c\u00e9lebres. Una postal sonora y visual del velorio campesino.&nbsp;&nbsp;<\/p>\n\n\n\n<p>Finalmente el&nbsp;<strong>s\u00e1bado 22&nbsp;<\/strong>&nbsp;desde Temuco el Elenco Territorio Disidente ofrecer\u00e1 a la comunidad su obra \u201cEcos que no mueren\u201d que plantea \u201cun mundo donde salir del closet sigue siendo una preocupaci\u00f3n para los adolescentes, Nobi encuentra una cercan\u00eda inesperada con su abuela, quien conecta con su nieto a trav\u00e9s de su propia historia de amor l\u00e9sbico. Distintas \u00e9pocas para una misma interrogante \u00bfC\u00f3mo es vivir siendo disidente? \u201c<\/p>\n\n\n\n<p>Cierra esta cuarta edici\u00f3n del encuentro el Elenco de la Universidad de Los Lagos con la obra \u201cEl Tony Chico\u201d en donde \u201cUn circo pobre y ambulante se convierte en el escenario de una profunda historia sobre la soledad, la esperanza y la redenci\u00f3n. El Tony Chico, de Luis Alberto Heiremans, nos presenta a Landa, un hombre que busca sentido en medio de la ruina y encuentra en un grupo de artistas errantes la posibilidad de volver a empezar. Entre risas, heridas y sue\u00f1os olvidados, esta obra nos invita a mirar el lado m\u00e1s humano detr\u00e1s de la m\u00e1scara del payaso\u201d<\/p>\n\n\n\n<p>De esta manera la Cuarta Edici\u00f3n del Encuentro de Elencos Ciudadanos \u201cFragua\u201d ofrece un cat\u00e1logo teatral con voces y temas diversos, interpretados por elencos locales.<\/p>\n","protected":false},"excerpt":{"rendered":"<p>Desde el 19 al 22 de noviembre las compa\u00f1\u00edas  presentar\u00e1n ante la comunidad el resultado de su trabajo anual de creaci\u00f3n colectiva, desarrollo personal y trabajo colaborativo.<\/p>\n","protected":false},"author":1,"featured_media":32091,"comment_status":"closed","ping_status":"closed","sticky":false,"template":"","format":"standard","meta":{"footnotes":""},"categories":[3,3913,4353,4292,2483,4395],"tags":[2118,337,273,132,219,247,133,298,4736],"class_list":["post-32090","post","type-post","status-publish","format-standard","has-post-thumbnail","hentry","category-al-dia","category-espectaculos-y-teatro","category-osorno","category-puyehue","category-region","category-sociedad","tag-semanariolocal","tag-informacion","tag-noticias","tag-osorno","tag-puyehue","tag-region-de-los-lagos","tag-semanario-local","tag-teatro","tag-temuco"],"_links":{"self":[{"href":"https:\/\/www.semanariolocal.cl\/index.php?rest_route=\/wp\/v2\/posts\/32090","targetHints":{"allow":["GET"]}}],"collection":[{"href":"https:\/\/www.semanariolocal.cl\/index.php?rest_route=\/wp\/v2\/posts"}],"about":[{"href":"https:\/\/www.semanariolocal.cl\/index.php?rest_route=\/wp\/v2\/types\/post"}],"author":[{"embeddable":true,"href":"https:\/\/www.semanariolocal.cl\/index.php?rest_route=\/wp\/v2\/users\/1"}],"replies":[{"embeddable":true,"href":"https:\/\/www.semanariolocal.cl\/index.php?rest_route=%2Fwp%2Fv2%2Fcomments&post=32090"}],"version-history":[{"count":1,"href":"https:\/\/www.semanariolocal.cl\/index.php?rest_route=\/wp\/v2\/posts\/32090\/revisions"}],"predecessor-version":[{"id":32092,"href":"https:\/\/www.semanariolocal.cl\/index.php?rest_route=\/wp\/v2\/posts\/32090\/revisions\/32092"}],"wp:featuredmedia":[{"embeddable":true,"href":"https:\/\/www.semanariolocal.cl\/index.php?rest_route=\/wp\/v2\/media\/32091"}],"wp:attachment":[{"href":"https:\/\/www.semanariolocal.cl\/index.php?rest_route=%2Fwp%2Fv2%2Fmedia&parent=32090"}],"wp:term":[{"taxonomy":"category","embeddable":true,"href":"https:\/\/www.semanariolocal.cl\/index.php?rest_route=%2Fwp%2Fv2%2Fcategories&post=32090"},{"taxonomy":"post_tag","embeddable":true,"href":"https:\/\/www.semanariolocal.cl\/index.php?rest_route=%2Fwp%2Fv2%2Ftags&post=32090"}],"curies":[{"name":"wp","href":"https:\/\/api.w.org\/{rel}","templated":true}]}}