{"id":3206,"date":"2021-11-25T08:13:00","date_gmt":"2021-11-25T11:13:00","guid":{"rendered":"https:\/\/www.semanariolocal.cl\/?p=3206"},"modified":"2021-11-25T10:17:01","modified_gmt":"2021-11-25T13:17:01","slug":"vallespin-llama-a-la-unidad-de-los-democratas-para-construir-un-mejor-pais","status":"publish","type":"post","link":"https:\/\/www.semanariolocal.cl\/?p=3206","title":{"rendered":"Vallespin llama a la unidad de los dem\u00f3cratas para construir un mejor pa\u00eds"},"content":{"rendered":"\n<p style=\"font-size:17px\">En el marco de las elecciones presidenciales y la segunda vuelta que se realizar\u00e1 el domingo 19 de diciembre, el actual gobernador regional de Los Lagos, Patricio Vallespin, dio a conocer su visi\u00f3n respecto a qui\u00e9n deber\u00eda ser el pr\u00f3ximo presidente de Chile e hizo un llamado a los dem\u00f3cratas a unirse en beneficio de un mejor pa\u00eds.<\/p>\n\n\n\n<p style=\"font-size:17px\">\u201cA diferencia de lo que hizo el Frente Amplio en la regi\u00f3n de Los Lagos en la segunda vuelta de la elecci\u00f3n de Gobernadores donde enfrentamos a la derecha, yo no me pierdo en las grandes tareas del pa\u00eds. Espero que toda la centroizquierda, como ya lo expresaron en mi partido Carmen Frei y Yasna Provoste, apoyemos a Gabriel Boric ya que es lo pertinente y coherente con nuestra historia y con los desaf\u00edos de pa\u00eds donde queremos hacer transformaciones profundas\u201d, dijo Vallespin.<\/p>\n\n\n\n<p style=\"font-size:17px\">La autoridad regional agreg\u00f3 que \u201cGabriel Boric tendr\u00e1 que dar se\u00f1ales respecto a c\u00f3mo acoge miradas distintas, sin ning\u00fan inter\u00e9s de participar en el Gobierno. Tenemos que garantizar gobernabilidad al pa\u00eds y sin duda que el candidato Kast no ofrece lo que la centroizquierda espera, que son transformaciones profundas, con gradualidad y con pertinencia. Recordemos que Kast estuvo en contra del cambio de la Constituci\u00f3n, por lo tanto, no quer\u00eda transformar nada y tambi\u00e9n sentimos que \u00e9l tiene una herencia vinculada al autoritarismo. Kast es una continuidad del actual gobierno que ha sido muy malo para Chile y que est\u00e1 mal evaluado por todos.\u201d<\/p>\n\n\n\n<p style=\"font-size:17px\">Respecto a la nueva Constituci\u00f3n, Patricio Vallesp\u00edn indic\u00f3 que \u201cel pr\u00f3ximo Gobierno ser\u00e1 el que implemente la nueva Constituci\u00f3n y no es coherente que esta la pueda instalar quien no quer\u00eda que se cambie la Constituci\u00f3n. Por lo tanto, por coherencia, pertinencia y porque queremos construir un desarrollo sustentable, inclusivo y con m\u00e1s oportunidades para todos y todas, con transformaciones responsables, pero con gradualidad y con di\u00e1logo, creemos que Gabriel Boric expresa mejor esos temas\u201d.<\/p>\n\n\n\n<p style=\"font-size:17px\">\u201cVotar en blanco o llamar a libertad de acci\u00f3n es mirar para el techo y la centroizquierda no puede hacer eso. Yo discrepo de esas tesis y quien lo plantee no est\u00e1 viendo la realidad de Chile, ya que con un gobierno de Jos\u00e9 Antonio Kast no vamos a ir en el rumbo que queremos. Cuando se habla de que el orden y seguridad la garantiza el candidato Kast, es todo lo contrario, ya que se seguir\u00e1 creando lo que pas\u00f3 con el estallido social y lejos de contenerlo lo va a incentivar porque la gente va a sentir que no hay avance en los temas que el pa\u00eds est\u00e1 esperando\u201d, finaliz\u00f3 Patricio Vallespin.<\/p>\n","protected":false},"excerpt":{"rendered":"<p>En el marco de las elecciones presidenciales y la segunda vuelta que se realizar\u00e1 el domingo 19 de diciembre, el actual gobernador regional de Los Lagos, Patricio Vallespin, dio a conocer su visi\u00f3n respecto a qui\u00e9n deber\u00eda ser el pr\u00f3ximo presidente de Chile e hizo un llamado a los dem\u00f3cratas a unirse en beneficio de&#8230;<a class=\"btnReadMore\" href=\"https:\/\/www.semanariolocal.cl\/?p=3206\"> Leer M\u00e1s<\/a><\/p>\n","protected":false},"author":1,"featured_media":3207,"comment_status":"closed","ping_status":"closed","sticky":false,"template":"","format":"standard","meta":{"footnotes":""},"categories":[6],"tags":[],"class_list":["post-3206","post","type-post","status-publish","format-standard","has-post-thumbnail","hentry","category-politica"],"_links":{"self":[{"href":"https:\/\/www.semanariolocal.cl\/index.php?rest_route=\/wp\/v2\/posts\/3206","targetHints":{"allow":["GET"]}}],"collection":[{"href":"https:\/\/www.semanariolocal.cl\/index.php?rest_route=\/wp\/v2\/posts"}],"about":[{"href":"https:\/\/www.semanariolocal.cl\/index.php?rest_route=\/wp\/v2\/types\/post"}],"author":[{"embeddable":true,"href":"https:\/\/www.semanariolocal.cl\/index.php?rest_route=\/wp\/v2\/users\/1"}],"replies":[{"embeddable":true,"href":"https:\/\/www.semanariolocal.cl\/index.php?rest_route=%2Fwp%2Fv2%2Fcomments&post=3206"}],"version-history":[{"count":1,"href":"https:\/\/www.semanariolocal.cl\/index.php?rest_route=\/wp\/v2\/posts\/3206\/revisions"}],"predecessor-version":[{"id":3208,"href":"https:\/\/www.semanariolocal.cl\/index.php?rest_route=\/wp\/v2\/posts\/3206\/revisions\/3208"}],"wp:featuredmedia":[{"embeddable":true,"href":"https:\/\/www.semanariolocal.cl\/index.php?rest_route=\/wp\/v2\/media\/3207"}],"wp:attachment":[{"href":"https:\/\/www.semanariolocal.cl\/index.php?rest_route=%2Fwp%2Fv2%2Fmedia&parent=3206"}],"wp:term":[{"taxonomy":"category","embeddable":true,"href":"https:\/\/www.semanariolocal.cl\/index.php?rest_route=%2Fwp%2Fv2%2Fcategories&post=3206"},{"taxonomy":"post_tag","embeddable":true,"href":"https:\/\/www.semanariolocal.cl\/index.php?rest_route=%2Fwp%2Fv2%2Ftags&post=3206"}],"curies":[{"name":"wp","href":"https:\/\/api.w.org\/{rel}","templated":true}]}}