{"id":3200,"date":"2021-11-25T07:05:00","date_gmt":"2021-11-25T10:05:00","guid":{"rendered":"https:\/\/www.semanariolocal.cl\/?p=3200"},"modified":"2021-11-25T00:13:34","modified_gmt":"2021-11-25T03:13:34","slug":"sence-tiene-cursos-gratuitos-que-posibilitaran-el-acceso-al-trabajo","status":"publish","type":"post","link":"https:\/\/www.semanariolocal.cl\/?p=3200","title":{"rendered":"Sence tiene cursos gratuitos que posibilitar\u00e1n el acceso al trabajo"},"content":{"rendered":"\n<p style=\"font-size:17px\">Mejorar las competencias laborales de los beneficiarios activos del <a href=\"about:blank\">Fondo de Cesant\u00eda Solidario<\/a> para facilitar su acceso a un trabajo dependiente o independiente y de calidad es el objetivo de las <a href=\"about:blank\">Becas Fondo Cesant\u00eda Solidario<\/a> (BFCS) del Sence.<\/p>\n\n\n\n<p style=\"font-size:17px\">La iniciativa se concreta con una oferta de cursos gratuitos, orientados a \u00e1reas que faciliten la b\u00fasqueda de empleo y\/o la posibilidad de iniciar actividades de emprendimiento, entre ellos: Administraci\u00f3n, Computaci\u00f3n e inform\u00e1tica, Construcci\u00f3n, Electricidad y electr\u00f3nica, Gastronom\u00eda, hoteler\u00eda y turismo, Comercio, Energ\u00eda, Idiomas y comunicaci\u00f3n, Servicios, Transporte y log\u00edstica, Agropecuaria, Industrias Manufactureras.<\/p>\n\n\n\n<p style=\"font-size:17px\">En la regi\u00f3n de Los Lagos, en la actualidad se encuentran disponibles los cursos de Manipulaci\u00f3n y Alimentaci\u00f3n Escolar con formato Blended (Presencial y en l\u00ednea) con 25 cupos para la comuna de Ancud el cual acaba de iniciar. Otro curso igual para Quell\u00f3n con la misma cantidad de cupos, pero que parte el 30 de noviembre y la oferta actual la completa con el curso en formato en l\u00ednea de Atenci\u00f3n y Orientaci\u00f3n al Cliente con 25 cupos.<\/p>\n\n\n\n<p style=\"font-size:17px\">Sobre estos cursos, el director regional de Sence, Mauricio Toro afirm\u00f3 que \u201ccomo Sence estamos permanentemente trabajando para que las personas tengan una fuente laboral. Por tal raz\u00f3n, contamos con estos cursos que apoyan a quienes se encuentren cesantes y quieran volver a contar con una ocupaci\u00f3n para mejorar su econom\u00eda familiar, en la regi\u00f3n de Los Lagos contamos en la actualidad con dos cursos de Manipulaci\u00f3n y Alimentaci\u00f3n Escolar y uno de Atenci\u00f3n y Orientaci\u00f3n al cliente, los que esperamos que la gente se inscriba y postule en la p\u00e1gina www.sence.cl\u201d.<\/p>\n\n\n\n<p style=\"font-size:17px\">Todos los cursos incluyen&nbsp;un subsidio diario de 3 mil pesos (para transporte y\/o locomoci\u00f3n), seguro de accidentes y apoyo socio laboral (es decir, ayuda en la Selecci\u00f3n y Diagn\u00f3stico, Orientaci\u00f3n, Plan de Acci\u00f3n y Gesti\u00f3n de Empleo), adem\u00e1s de&nbsp;licencia habilitante o certificaci\u00f3n, seg\u00fan corresponda.<\/p>\n\n\n\n<p style=\"font-size:17px\"><strong>\u00bfSi ya postul\u00e9 a un curso, \u00bfqu\u00e9 debo hacer para matricularme en \u00e9l?<\/strong><\/p>\n\n\n\n<p style=\"font-size:17px\">Deber\u00e1 presentar o enviar por medio electr\u00f3nicos ante el ejecutor que dictar\u00e1 el curso de su elecci\u00f3n la siguiente documentaci\u00f3n:<\/p>\n\n\n\n<p style=\"font-size:17px\">Copia de C\u00e9dula Identidad o comprobante del Registro Civil, en caso de que la c\u00e9dula se encuentre en tr\u00e1mite. Bono o voucher vigente.<\/p>\n\n\n\n<p style=\"font-size:17px\">(*) La matr\u00edcula estar\u00e1 condicionada al cumplimiento de los requisitos del respectivo curso.<\/p>\n\n\n\n<p style=\"font-size:17px\">* No podr\u00e1n participar del programa quienes al momento de su inscripci\u00f3n sean participantes de alg\u00fan curso de capacitaci\u00f3n financiado por Sence o est\u00e9n realizando la Fase de Pr\u00e1ctica Laboral en cualquiera de los programas que administre el Servicio, a excepci\u00f3n de los Cursos en L\u00ednea.<\/p>\n\n\n\n<p style=\"font-size:17px\">(*) Para saber si eres beneficiario\/a del FCS inf\u00f3rmate en <a href=\"about:blank\">www.afc.cl<\/a>. L\u00ednea telef\u00f3nica gratuita: 800 800 232.<\/p>\n","protected":false},"excerpt":{"rendered":"<p>\u2022\tPostulaciones en l\u00ednea, abiertas en las regiones Los Lagos.<\/p>\n","protected":false},"author":1,"featured_media":3201,"comment_status":"closed","ping_status":"closed","sticky":false,"template":"","format":"standard","meta":{"footnotes":""},"categories":[3,9],"tags":[],"class_list":["post-3200","post","type-post","status-publish","format-standard","has-post-thumbnail","hentry","category-al-dia","category-gobierno"],"_links":{"self":[{"href":"https:\/\/www.semanariolocal.cl\/index.php?rest_route=\/wp\/v2\/posts\/3200","targetHints":{"allow":["GET"]}}],"collection":[{"href":"https:\/\/www.semanariolocal.cl\/index.php?rest_route=\/wp\/v2\/posts"}],"about":[{"href":"https:\/\/www.semanariolocal.cl\/index.php?rest_route=\/wp\/v2\/types\/post"}],"author":[{"embeddable":true,"href":"https:\/\/www.semanariolocal.cl\/index.php?rest_route=\/wp\/v2\/users\/1"}],"replies":[{"embeddable":true,"href":"https:\/\/www.semanariolocal.cl\/index.php?rest_route=%2Fwp%2Fv2%2Fcomments&post=3200"}],"version-history":[{"count":1,"href":"https:\/\/www.semanariolocal.cl\/index.php?rest_route=\/wp\/v2\/posts\/3200\/revisions"}],"predecessor-version":[{"id":3202,"href":"https:\/\/www.semanariolocal.cl\/index.php?rest_route=\/wp\/v2\/posts\/3200\/revisions\/3202"}],"wp:featuredmedia":[{"embeddable":true,"href":"https:\/\/www.semanariolocal.cl\/index.php?rest_route=\/wp\/v2\/media\/3201"}],"wp:attachment":[{"href":"https:\/\/www.semanariolocal.cl\/index.php?rest_route=%2Fwp%2Fv2%2Fmedia&parent=3200"}],"wp:term":[{"taxonomy":"category","embeddable":true,"href":"https:\/\/www.semanariolocal.cl\/index.php?rest_route=%2Fwp%2Fv2%2Fcategories&post=3200"},{"taxonomy":"post_tag","embeddable":true,"href":"https:\/\/www.semanariolocal.cl\/index.php?rest_route=%2Fwp%2Fv2%2Ftags&post=3200"}],"curies":[{"name":"wp","href":"https:\/\/api.w.org\/{rel}","templated":true}]}}