{"id":3197,"date":"2021-11-25T07:00:00","date_gmt":"2021-11-25T10:00:00","guid":{"rendered":"https:\/\/www.semanariolocal.cl\/?p=3197"},"modified":"2021-11-24T23:45:47","modified_gmt":"2021-11-25T02:45:47","slug":"rn-se-consolida-como-la-primera-fuerza-politica-de-chile","status":"publish","type":"post","link":"https:\/\/www.semanariolocal.cl\/?p=3197","title":{"rendered":"RN se consolida como la primera fuerza pol\u00edtica de Chile"},"content":{"rendered":"\n<p style=\"font-size:17px\">Renovaci\u00f3n Nacional se convirti\u00f3 en el partido pol\u00edtico con&nbsp;<strong>mayor representaci\u00f3n en el Congreso Nacional&nbsp;<\/strong>al obtener 25 esca\u00f1os en la C\u00e1mara de Diputadas y Diputados, y 5 esca\u00f1os en el Senado, totalizando una bancada de 10 senadores.<\/p>\n\n\n\n<p style=\"font-size:17px\">Asimismo, tambi\u00e9n fue la lista de cores que obtuvo mayor votaci\u00f3n, al lograr 53 cupos a lo largo de Chile.Tras las elecciones del pasado 21 de noviembre, el presidente de Renovaci\u00f3n Nacional, Francisco Chahu\u00e1n, destac\u00f3 que&nbsp;<strong>\u00abel resultado es in\u00e9dito, RN se consolida muy por lejos como la primera fuerza pol\u00edtica de Chile. Vamos a tener 10 senadores y 25 diputados.&nbsp;Esto permite que los sectores que defendemos la libertad y la democracia vamos a ser mayor\u00eda en el Senado. Es una tremenda noticia para Chile\u201d<\/strong>.<\/p>\n\n\n\n<p style=\"font-size:17px\">Mientras que el Secretario General de RN, Diego Schalper, asegur\u00f3 que&nbsp;<strong>\u00abtenemos un gran desaf\u00edo: permitir que nuestro sector alcance una mayor\u00eda que permita gobernar. Y esa es la tarea que tenemos, la hemos asumido con toda responsabilidad y estamos seguros que Chile va a optar por cambios con estabilidad y tambi\u00e9n por transformaciones antes que revoluciones, que es lo que ofrece la izquierda radical\u00bb<\/strong>.<\/p>\n\n\n\n<p style=\"font-size:17px\"><strong>Senadores<\/strong><br>Los 11 candidatos al Senado de RN totalizaron 549.436 votos, es decir, el 11,80% de la votaci\u00f3n total a nivel nacional. Los senadores electos para el per\u00edodo 2022-2030 fueron Paulina N\u00fa\u00f1ez, Manuel Jos\u00e9 Ossand\u00f3n, Mar\u00eda Jos\u00e9 Gatica, Carlos Kuschel y Alejandro Kusanovic.<\/p>\n\n\n\n<p style=\"font-size:17px\"><strong>Diputados<\/strong><br>Mientras que los 75 candidatos a la C\u00e1mara de Diputadas y Diputados de RN sumaron en total 693.474 votos, representando un 10,96% de la votaci\u00f3n. Los diputados elegidos para el per\u00edodo 2022-2026 fueron Jos\u00e9 Miguel Castro, Sof\u00eda Cid, Andr\u00e9s Longton, Camila Flores, Andr\u00e9s Celis, Jorge Dur\u00e1n, Erika Olivera, Maria Luisa Cordero, Catalina del Real, Ximena Ossand\u00f3n, Eduardo Dur\u00e1n, Diego Schalper, Carla Morales, Hugo Rey, Paula Labra, Frank Sauerbaum, Francesca Mu\u00f1oz, Leonidas Romero, Jorge Rathgeb, Juan Carlos Beltr\u00e1n, Miguel \u00c1ngel Becker, Miguel Mellado, Bernardo Berger y Marcia Raphael.<\/p>\n\n\n\n<p style=\"font-size:17px\"><strong>CORES<\/strong><br>A su vez, la lista de cores de RN tambi\u00e9n obtuvo la primera mayor\u00eda al obtener 702.607 votos, consiguiendo un 11,45% de la votaci\u00f3n en todo Chile y resultando electos 53 cores.<\/p>\n","protected":false},"excerpt":{"rendered":"<p>Renovaci\u00f3n Nacional se convirti\u00f3 en el partido pol\u00edtico con&nbsp;mayor representaci\u00f3n en el Congreso Nacional&nbsp;al obtener 25 esca\u00f1os en la C\u00e1mara de Diputadas y Diputados, y 5 esca\u00f1os en el Senado, totalizando una bancada de 10 senadores. Asimismo, tambi\u00e9n fue la lista de cores que obtuvo mayor votaci\u00f3n, al lograr 53 cupos a lo largo de&#8230;<a class=\"btnReadMore\" href=\"https:\/\/www.semanariolocal.cl\/?p=3197\"> Leer M\u00e1s<\/a><\/p>\n","protected":false},"author":1,"featured_media":3198,"comment_status":"closed","ping_status":"closed","sticky":false,"template":"","format":"standard","meta":{"footnotes":""},"categories":[3,6],"tags":[],"class_list":["post-3197","post","type-post","status-publish","format-standard","has-post-thumbnail","hentry","category-al-dia","category-politica"],"_links":{"self":[{"href":"https:\/\/www.semanariolocal.cl\/index.php?rest_route=\/wp\/v2\/posts\/3197","targetHints":{"allow":["GET"]}}],"collection":[{"href":"https:\/\/www.semanariolocal.cl\/index.php?rest_route=\/wp\/v2\/posts"}],"about":[{"href":"https:\/\/www.semanariolocal.cl\/index.php?rest_route=\/wp\/v2\/types\/post"}],"author":[{"embeddable":true,"href":"https:\/\/www.semanariolocal.cl\/index.php?rest_route=\/wp\/v2\/users\/1"}],"replies":[{"embeddable":true,"href":"https:\/\/www.semanariolocal.cl\/index.php?rest_route=%2Fwp%2Fv2%2Fcomments&post=3197"}],"version-history":[{"count":1,"href":"https:\/\/www.semanariolocal.cl\/index.php?rest_route=\/wp\/v2\/posts\/3197\/revisions"}],"predecessor-version":[{"id":3199,"href":"https:\/\/www.semanariolocal.cl\/index.php?rest_route=\/wp\/v2\/posts\/3197\/revisions\/3199"}],"wp:featuredmedia":[{"embeddable":true,"href":"https:\/\/www.semanariolocal.cl\/index.php?rest_route=\/wp\/v2\/media\/3198"}],"wp:attachment":[{"href":"https:\/\/www.semanariolocal.cl\/index.php?rest_route=%2Fwp%2Fv2%2Fmedia&parent=3197"}],"wp:term":[{"taxonomy":"category","embeddable":true,"href":"https:\/\/www.semanariolocal.cl\/index.php?rest_route=%2Fwp%2Fv2%2Fcategories&post=3197"},{"taxonomy":"post_tag","embeddable":true,"href":"https:\/\/www.semanariolocal.cl\/index.php?rest_route=%2Fwp%2Fv2%2Ftags&post=3197"}],"curies":[{"name":"wp","href":"https:\/\/api.w.org\/{rel}","templated":true}]}}