{"id":3194,"date":"2021-11-24T08:55:00","date_gmt":"2021-11-24T11:55:00","guid":{"rendered":"https:\/\/www.semanariolocal.cl\/?p=3194"},"modified":"2021-11-24T13:00:53","modified_gmt":"2021-11-24T16:00:53","slug":"concejo-municipal-aprueba-fondos-ir-en-ayuda-de-9-familias-afectadas-por-incendio","status":"publish","type":"post","link":"https:\/\/www.semanariolocal.cl\/?p=3194","title":{"rendered":"Concejo Municipal aprueba fondos ir en ayuda de 9 familias afectadas por incendio"},"content":{"rendered":"\n<p style=\"font-size:17px\">Se trata de una propuesta social y comunitaria liderada por el alcalde Emeterio Carrillo, quien luego de sostener varias reuniones con las familias afectadas y visitarlos en terreno consider\u00f3 que era sumamente importante continuar apoyando a estos 9 hogares siniestrados en Poblaci\u00f3n Quinto Centenario.<\/p>\n\n\n\n<p style=\"font-size:17px\">La iniciativa se concret\u00f3 esta tarde en el pleno del Concejo Municipal, donde los ediles aprobaron de manera mayoritaria este aporte, que no solo busca apoyar a estas familias, sino a todas aquellas que sufren siniestros de este tipo y que recurren al municipio para poder levantar sus hogares nuevamente.<\/p>\n\n\n\n<p style=\"font-size:17px\">El jefe comunal, se hab\u00eda reunido anteriormente &nbsp;en terreno con estas personas, manifest\u00e1ndoles que \u201cel compromiso municipal va m\u00e1s all\u00e1 de entregar la atenci\u00f3n propia de una emergencia de este tipo, la cual brindamos, en su momento, y ahora vamos m\u00e1s all\u00e1, analizando la situaci\u00f3n de estas familias, en torno a la necesidad de contar con materiales para poder levantar nuevamente sus hogares &nbsp;y lo cual acogimos favorablemente, con el fin de apoyar a estos vecinos a salir adelante, tras esta tragedia donde, lamentablemente, fallecieron dos personas\u201d, destac\u00f3.&nbsp;<\/p>\n\n\n\n<p style=\"font-size:17px\">Carrillo, explic\u00f3 que este aporte va para la compra de materiales, pues dijo, \u201cde acuerdo a lo indicado por los vecinos afectados, ellos no desean viviendas de emergencia sino ayuda con materiales y elementos de construcci\u00f3n para poder comenzar a construir inmediatamente sus casas\u201d.<\/p>\n\n\n\n<p style=\"font-size:17px\">\u201cEl aporte fue aprobado por todos los concejales y concejalas presentes en la sesi\u00f3n de este martes y ahora el tr\u00e1mite administrativo ser\u00e1 derivado r\u00e1pidamente a las diversas direcciones municipales para poder dar curso a la urgente necesidad de estas 9 familias\u201d, concluy\u00f3 Carrillo.<\/p>\n","protected":false},"excerpt":{"rendered":"<p>Se trata de una propuesta social y comunitaria liderada por el alcalde Emeterio Carrillo, quien luego de sostener varias reuniones con las familias afectadas y visitarlos en terreno consider\u00f3 que era sumamente importante continuar apoyando a estos 9 hogares siniestrados en Poblaci\u00f3n Quinto Centenario. La iniciativa se concret\u00f3 esta tarde en el pleno del Concejo&#8230;<a class=\"btnReadMore\" href=\"https:\/\/www.semanariolocal.cl\/?p=3194\"> Leer M\u00e1s<\/a><\/p>\n","protected":false},"author":1,"featured_media":3195,"comment_status":"closed","ping_status":"closed","sticky":false,"template":"","format":"standard","meta":{"footnotes":""},"categories":[3],"tags":[],"class_list":["post-3194","post","type-post","status-publish","format-standard","has-post-thumbnail","hentry","category-al-dia"],"_links":{"self":[{"href":"https:\/\/www.semanariolocal.cl\/index.php?rest_route=\/wp\/v2\/posts\/3194","targetHints":{"allow":["GET"]}}],"collection":[{"href":"https:\/\/www.semanariolocal.cl\/index.php?rest_route=\/wp\/v2\/posts"}],"about":[{"href":"https:\/\/www.semanariolocal.cl\/index.php?rest_route=\/wp\/v2\/types\/post"}],"author":[{"embeddable":true,"href":"https:\/\/www.semanariolocal.cl\/index.php?rest_route=\/wp\/v2\/users\/1"}],"replies":[{"embeddable":true,"href":"https:\/\/www.semanariolocal.cl\/index.php?rest_route=%2Fwp%2Fv2%2Fcomments&post=3194"}],"version-history":[{"count":1,"href":"https:\/\/www.semanariolocal.cl\/index.php?rest_route=\/wp\/v2\/posts\/3194\/revisions"}],"predecessor-version":[{"id":3196,"href":"https:\/\/www.semanariolocal.cl\/index.php?rest_route=\/wp\/v2\/posts\/3194\/revisions\/3196"}],"wp:featuredmedia":[{"embeddable":true,"href":"https:\/\/www.semanariolocal.cl\/index.php?rest_route=\/wp\/v2\/media\/3195"}],"wp:attachment":[{"href":"https:\/\/www.semanariolocal.cl\/index.php?rest_route=%2Fwp%2Fv2%2Fmedia&parent=3194"}],"wp:term":[{"taxonomy":"category","embeddable":true,"href":"https:\/\/www.semanariolocal.cl\/index.php?rest_route=%2Fwp%2Fv2%2Fcategories&post=3194"},{"taxonomy":"post_tag","embeddable":true,"href":"https:\/\/www.semanariolocal.cl\/index.php?rest_route=%2Fwp%2Fv2%2Ftags&post=3194"}],"curies":[{"name":"wp","href":"https:\/\/api.w.org\/{rel}","templated":true}]}}