{"id":31913,"date":"2025-11-04T11:30:00","date_gmt":"2025-11-04T14:30:00","guid":{"rendered":"https:\/\/www.semanariolocal.cl\/?p=31913"},"modified":"2025-11-05T00:38:01","modified_gmt":"2025-11-05T03:38:01","slug":"entregan-terreno-para-iniciar-habilitacion-de-angiografo-multiproposito-para-hbo","status":"publish","type":"post","link":"https:\/\/www.semanariolocal.cl\/?p=31913","title":{"rendered":"Entregan terreno para iniciar habilitaci\u00f3n de Angi\u00f3grafo multiprop\u00f3sito para HBO"},"content":{"rendered":"\n<p><strong><mark style=\"background-color:#abb8c3\" class=\"has-inline-color has-white-color\">04 de Octubre del 2025.-<\/mark><\/strong> La actividad cont\u00f3 con la presencia de la delegada presidencial regional (s), Claudia Pailalef; la seremi regional de salud, Karin Sol\u00eds; el director (s) del Servicio de Salud Osorno (SSO), H\u00e9ctor Alarc\u00f3n; el director (s) del Hospital Base San Jos\u00e9 de Osorno, Dr. Hans Hesse, junto a un equipo de profesionales y representantes de la empresa Philips Chilena S.A., a cargo de la construcci\u00f3n de este anhelado proyecto.<\/p>\n\n\n\n<p>La seremi de salud de Los Lagos, Karin Sol\u00eds, destac\u00f3 que \u201cestamos felices de poder iniciar las obras que se adjudican a la empresa Philips, S.A., como Ministerio de Salud estamos felices de poder avanzar y tratar mediante esta habilitaci\u00f3n de angi\u00f3grafo a todas las personas que actualmente sufren, padecen o fallecen a causa de las patolog\u00edas cardiovasculares y cerebrovasculares\u201d.<\/p>\n\n\n\n<p>En tanto, el director (s) del SSO, H\u00e9ctor Alarc\u00f3n, se\u00f1al\u00f3 que \u201choy damos inicio a la obra del angi\u00f3grafo como tal como equipo e intervenci\u00f3n dentro del pabell\u00f3n central del Hospital Base y como Red es un salto cualitativo e importante para la calidad de vida de la gente de Osorno, no es s\u00f3lo un equipo y una especialidad, es oportunidad de vida, aumento de la cartera de servicios, es algo que en la ciudad no se hac\u00eda y viene a aumentar la complejidad de nuestro principal centro asistencial de la provincia\u201d. &nbsp;&nbsp;<\/p>\n\n\n\n<p>Por su parte, la delegada presidencial regional (s), Claudia Pailalef indic\u00f3 que \u201cestamos muy contentos de esta importante iniciativa que est\u00e1 ad portas de iniciar las tareas de ejecuci\u00f3n para generar la infraestructura y la compra de este angi\u00f3grafo que va a permitir entregar en forma oportuna tratamiento a enfermedades cerebrovasculares y cardiovasculares que afectan a la ciudadan\u00eda\u201d.<\/p>\n\n\n\n<p>El director (s) del Hospital Base San Jos\u00e9 de Osorno, Dr. Hans Hesse, explic\u00f3 que \u201cten\u00edamos esta deuda pendiente que era tener un angi\u00f3grafo que permite resolver enfermedades de variada gama en la parte cardiovascular como otras\u201d.<\/p>\n\n\n\n<p>La iniciativa permitir\u00e1 a la poblaci\u00f3n beneficiaria de la provincia, recibir una atenci\u00f3n oportuna, efectiva y de calidad en una de las \u00e1reas m\u00e1s cr\u00edticas y demandadas que existen, como las enfermedades cardiovasculares. Este moderno equipo Philips modelo Azurion 7, tiene una garant\u00eda de 24 meses, un plazo de entrega de 210 d\u00edas corridos y un monto total adjudicado de m\u00e1s de 2.600 millones de pesos, desglosado en $1.532.083.566 para la adquisici\u00f3n del equipo angi\u00f3grafo y $1.083.569.275 para las obras de habilitaci\u00f3n.<\/p>\n\n\n\n<p>El Angi\u00f3grafo Multiprop\u00f3sito del Hospital Base San Jos\u00e9 de Osorno ser\u00e1 utilizado por un equipo altamente especializado para tratar infartos card\u00edacos o cerebrales y para pacientes con c\u00e1ncer, pudiendo concretar cerca de 40 atenciones por semana.<\/p>\n\n\n\n<p>Actualmente la red p\u00fablica de salud de nuestra provincia, no cuenta con un equipo de estas caracter\u00edsticas, por ende, permitir\u00e1 realizar procedimientos que muchas veces tienen que ser derivados a otras ciudades, siendo una gran inversi\u00f3n con un alto impacto social.<\/p>\n\n\n\n<p>La iniciativa se encuentra adherida al Convenio de Programaci\u00f3n GORE-MINSAL 2019-2029 con financiamiento Sectorial.<\/p>\n","protected":false},"excerpt":{"rendered":"<p>Con la presencia de autoridades y equipo t\u00e9cnicos se realiz\u00f3 el acto de entrega simb\u00f3lica oficial del terreno para la habilitaci\u00f3n del Angi\u00f3grafo Multiprop\u00f3sito para el Hospital Base San Jos\u00e9 de Osorno.<\/p>\n","protected":false},"author":1,"featured_media":31914,"comment_status":"closed","ping_status":"closed","sticky":false,"template":"","format":"standard","meta":{"footnotes":""},"categories":[3,4353,2484,2514],"tags":[2118,337,273,247,133],"class_list":["post-31913","post","type-post","status-publish","format-standard","has-post-thumbnail","hentry","category-al-dia","category-osorno","category-salud","category-tecnologia","tag-semanariolocal","tag-informacion","tag-noticias","tag-region-de-los-lagos","tag-semanario-local"],"_links":{"self":[{"href":"https:\/\/www.semanariolocal.cl\/index.php?rest_route=\/wp\/v2\/posts\/31913","targetHints":{"allow":["GET"]}}],"collection":[{"href":"https:\/\/www.semanariolocal.cl\/index.php?rest_route=\/wp\/v2\/posts"}],"about":[{"href":"https:\/\/www.semanariolocal.cl\/index.php?rest_route=\/wp\/v2\/types\/post"}],"author":[{"embeddable":true,"href":"https:\/\/www.semanariolocal.cl\/index.php?rest_route=\/wp\/v2\/users\/1"}],"replies":[{"embeddable":true,"href":"https:\/\/www.semanariolocal.cl\/index.php?rest_route=%2Fwp%2Fv2%2Fcomments&post=31913"}],"version-history":[{"count":1,"href":"https:\/\/www.semanariolocal.cl\/index.php?rest_route=\/wp\/v2\/posts\/31913\/revisions"}],"predecessor-version":[{"id":31915,"href":"https:\/\/www.semanariolocal.cl\/index.php?rest_route=\/wp\/v2\/posts\/31913\/revisions\/31915"}],"wp:featuredmedia":[{"embeddable":true,"href":"https:\/\/www.semanariolocal.cl\/index.php?rest_route=\/wp\/v2\/media\/31914"}],"wp:attachment":[{"href":"https:\/\/www.semanariolocal.cl\/index.php?rest_route=%2Fwp%2Fv2%2Fmedia&parent=31913"}],"wp:term":[{"taxonomy":"category","embeddable":true,"href":"https:\/\/www.semanariolocal.cl\/index.php?rest_route=%2Fwp%2Fv2%2Fcategories&post=31913"},{"taxonomy":"post_tag","embeddable":true,"href":"https:\/\/www.semanariolocal.cl\/index.php?rest_route=%2Fwp%2Fv2%2Ftags&post=31913"}],"curies":[{"name":"wp","href":"https:\/\/api.w.org\/{rel}","templated":true}]}}