{"id":3191,"date":"2021-11-24T12:43:16","date_gmt":"2021-11-24T15:43:16","guid":{"rendered":"https:\/\/www.semanariolocal.cl\/?p=3191"},"modified":"2021-11-24T12:43:16","modified_gmt":"2021-11-24T15:43:16","slug":"investigadores-del-area-nacional-de-produccion-animal-inia-se-reunieron-en-osorno","status":"publish","type":"post","link":"https:\/\/www.semanariolocal.cl\/?p=3191","title":{"rendered":"Investigadores del \u00c1rea Nacional de Producci\u00f3n Animal INIA se reunieron en Osorno"},"content":{"rendered":"\n<p style=\"font-size:17px\">Investigadores del \u00c1rea Nacional de Producci\u00f3n Animal espec\u00edficamente de la Macrozona Sur correspondiente a los centros regionales INIA Carillanca de la Regi\u00f3n de La Araucan\u00eda e INIA Remehue de las regiones de Los Lagos y Los R\u00edos, se reunieron en Osorno para analizar los lineamientos estrat\u00e9gicos y avances en materia de Investigaci\u00f3n, Desarrollo e Innovaci\u00f3n (I+D+i). As\u00ed lo inform\u00f3 Ximena Valderrama, jefa del \u00c1rea Nacional de Producci\u00f3n Animal del Instituto de Investigaciones Agropecuarias (INIA).<\/p>\n\n\n\n<p style=\"font-size:17px\">La profesional explic\u00f3 que \u201cla misi\u00f3n de esta \u00e1rea es generar investigaci\u00f3n, innovaci\u00f3n y transferencia de conocimientos tecnol\u00f3gicos para desarrollar modelos ganaderos competitivos, integrales, sustentables y resilientes que potencien el sector agroalimentario y entre sus objetivos estrat\u00e9gicos se cuenta mejorar la productividad cient\u00edfica y tecnol\u00f3gica, favoreciendo el trabajo en equipo y la vinculaci\u00f3n con el medio\u201d.<\/p>\n\n\n\n<p style=\"font-size:17px\">En la oportunidad, luego de presentar la Estrategia de I+D+i en el \u00c1rea de Producci\u00f3n Animal, se realiz\u00f3 una conversaci\u00f3n abierta con los investigadores y extensionistas presentes para luego continuar con presentaciones de los investigadores en las distintas l\u00edneas de investigaci\u00f3n y propuestas futuras de trabajo.<\/p>\n","protected":false},"excerpt":{"rendered":"<p>La actividad cont\u00f3 con la presencia de profesionales de la Macrozona Sur, espec\u00edficamente de los centros regionales INIA Carillanca e INIA Remehue.<\/p>\n","protected":false},"author":1,"featured_media":3192,"comment_status":"closed","ping_status":"closed","sticky":false,"template":"","format":"standard","meta":{"footnotes":""},"categories":[3],"tags":[],"class_list":["post-3191","post","type-post","status-publish","format-standard","has-post-thumbnail","hentry","category-al-dia"],"_links":{"self":[{"href":"https:\/\/www.semanariolocal.cl\/index.php?rest_route=\/wp\/v2\/posts\/3191","targetHints":{"allow":["GET"]}}],"collection":[{"href":"https:\/\/www.semanariolocal.cl\/index.php?rest_route=\/wp\/v2\/posts"}],"about":[{"href":"https:\/\/www.semanariolocal.cl\/index.php?rest_route=\/wp\/v2\/types\/post"}],"author":[{"embeddable":true,"href":"https:\/\/www.semanariolocal.cl\/index.php?rest_route=\/wp\/v2\/users\/1"}],"replies":[{"embeddable":true,"href":"https:\/\/www.semanariolocal.cl\/index.php?rest_route=%2Fwp%2Fv2%2Fcomments&post=3191"}],"version-history":[{"count":1,"href":"https:\/\/www.semanariolocal.cl\/index.php?rest_route=\/wp\/v2\/posts\/3191\/revisions"}],"predecessor-version":[{"id":3193,"href":"https:\/\/www.semanariolocal.cl\/index.php?rest_route=\/wp\/v2\/posts\/3191\/revisions\/3193"}],"wp:featuredmedia":[{"embeddable":true,"href":"https:\/\/www.semanariolocal.cl\/index.php?rest_route=\/wp\/v2\/media\/3192"}],"wp:attachment":[{"href":"https:\/\/www.semanariolocal.cl\/index.php?rest_route=%2Fwp%2Fv2%2Fmedia&parent=3191"}],"wp:term":[{"taxonomy":"category","embeddable":true,"href":"https:\/\/www.semanariolocal.cl\/index.php?rest_route=%2Fwp%2Fv2%2Fcategories&post=3191"},{"taxonomy":"post_tag","embeddable":true,"href":"https:\/\/www.semanariolocal.cl\/index.php?rest_route=%2Fwp%2Fv2%2Ftags&post=3191"}],"curies":[{"name":"wp","href":"https:\/\/api.w.org\/{rel}","templated":true}]}}