{"id":3188,"date":"2021-11-24T08:05:00","date_gmt":"2021-11-24T11:05:00","guid":{"rendered":"https:\/\/www.semanariolocal.cl\/?p=3188"},"modified":"2021-11-24T12:27:58","modified_gmt":"2021-11-24T15:27:58","slug":"vecinos-de-san-juan-de-la-costa-podran-acercar-reclamos-sec-hasta-el-municipio","status":"publish","type":"post","link":"https:\/\/www.semanariolocal.cl\/?p=3188","title":{"rendered":"Vecinos de San Juan de la Costa podr\u00e1n acercar reclamos SEC hasta el municipio"},"content":{"rendered":"\n<p style=\"font-size:17px\">La Direcci\u00f3n Regional Los Lagos de la SEC, realiz\u00f3 un balance de los convenios de cooperaci\u00f3n vigentes con los municipios de la regi\u00f3n, cifra que llega actualmente a nueve, tras confirmarse la puesta en marcha de este acuerdo en la comuna de San Juan de la Costa, lo que permitir\u00e1 a las y los vecinos reportar directamente en dependencias municipales, dudas y reclamos vinculados al uso de la electricidad y combustibles.<\/p>\n\n\n\n<p style=\"font-size:17px\">En una ceremonia donde particip\u00f3 el alcalde de San Juan de la Costa, Bernardo Candia; y el Director Regional de SEC Los Lagos, \u00c1lvaro Loma-Osorio, se realiz\u00f3 la firma de este convenio, el que permitir\u00e1 que personal municipal sea capacitado por funcionarios de la SEC para recibir, ya sea en la alcald\u00eda o en salidas a terreno, las consultas y\/o denuncias relacionadas a los energ\u00e9ticos.<\/p>\n\n\n\n<p style=\"font-size:17px\">La informaci\u00f3n entregada por la comunidad, ser\u00e1 posteriormente derivada al organismo fiscalizador, para que sea analizada y se entregue a las y los usuarios una respuesta, dentro de los plazos establecidos en la normativa vigente.<\/p>\n\n\n\n<p style=\"font-size:17px\">\u00c1lvaro Loma-Osorio, Director Regional de SEC Los Lagos, indic\u00f3 que \u201ca trav\u00e9s de estos convenios, buscamos poner a disposici\u00f3n de la comunidad, no importando si viven en los centros urbanos o zonas m\u00e1s alejadas de la regi\u00f3n, otra v\u00eda de contacto con la SEC, para que puedan reportar y recibir, de forma oportuna, una respuesta a sus reclamos o consultas sobre la electricidad y combustibles\u201d.<\/p>\n\n\n\n<p style=\"font-size:17px\">En Los Lagos, los municipios que han suscrito este convenio con la SEC son Ancud, Curaco de V\u00e9lez, Futaleuf\u00fa, Fresia, Los Muermos, Maull\u00edn, Quell\u00f3n, Hualaihu\u00e9 y San Juan de la Costa, a trav\u00e9s del cual sus habitantes pueden reportar cortes de luz, problemas de cobro o facturaci\u00f3n, riesgos el\u00e9ctricos en la v\u00eda p\u00fablica o iniciar el proceso de registro de pacientes Electro-dependientes, entre otros.<\/p>\n\n\n\n<p style=\"font-size:17px\">Desde el organismo fiscalizador, por \u00faltimo, reiteraron la invitaci\u00f3n para que m\u00e1s comunas se sumen a esta iniciativa, para as\u00ed facilitar a la comunidad el denunciar y canalizar, de forma oportuna, sus reclamos, consultas o denuncias.<\/p>\n\n\n\n<p style=\"font-size:17px\">Asimismo, la invitaci\u00f3n es a seguir las cuentas de la SEC en Twitter (@SEC_cl) y Facebook, como Superintendencia SEC, donde la ciudadan\u00eda podr\u00e1 acceder a informaci\u00f3n \u00fatil, consejos de seguridad y calidad en el uso de los energ\u00e9ticos.<\/p>\n","protected":false},"excerpt":{"rendered":"<p>La implementaci\u00f3n de este acuerdo permite a personal municipal recibir de forma directa consultas o denuncias ciudadanas sobre la electricidad y combustibles, los que son derivados a la SEC para su an\u00e1lisis. Hasta el momento, nueve comunas de Los Lagos cuentan con convenios activos con el organismo fiscalizador.<\/p>\n","protected":false},"author":1,"featured_media":3189,"comment_status":"closed","ping_status":"closed","sticky":false,"template":"","format":"standard","meta":{"footnotes":""},"categories":[3,8,12,9],"tags":[],"class_list":["post-3188","post","type-post","status-publish","format-standard","has-post-thumbnail","hentry","category-al-dia","category-comunas","category-economia","category-gobierno"],"_links":{"self":[{"href":"https:\/\/www.semanariolocal.cl\/index.php?rest_route=\/wp\/v2\/posts\/3188","targetHints":{"allow":["GET"]}}],"collection":[{"href":"https:\/\/www.semanariolocal.cl\/index.php?rest_route=\/wp\/v2\/posts"}],"about":[{"href":"https:\/\/www.semanariolocal.cl\/index.php?rest_route=\/wp\/v2\/types\/post"}],"author":[{"embeddable":true,"href":"https:\/\/www.semanariolocal.cl\/index.php?rest_route=\/wp\/v2\/users\/1"}],"replies":[{"embeddable":true,"href":"https:\/\/www.semanariolocal.cl\/index.php?rest_route=%2Fwp%2Fv2%2Fcomments&post=3188"}],"version-history":[{"count":1,"href":"https:\/\/www.semanariolocal.cl\/index.php?rest_route=\/wp\/v2\/posts\/3188\/revisions"}],"predecessor-version":[{"id":3190,"href":"https:\/\/www.semanariolocal.cl\/index.php?rest_route=\/wp\/v2\/posts\/3188\/revisions\/3190"}],"wp:featuredmedia":[{"embeddable":true,"href":"https:\/\/www.semanariolocal.cl\/index.php?rest_route=\/wp\/v2\/media\/3189"}],"wp:attachment":[{"href":"https:\/\/www.semanariolocal.cl\/index.php?rest_route=%2Fwp%2Fv2%2Fmedia&parent=3188"}],"wp:term":[{"taxonomy":"category","embeddable":true,"href":"https:\/\/www.semanariolocal.cl\/index.php?rest_route=%2Fwp%2Fv2%2Fcategories&post=3188"},{"taxonomy":"post_tag","embeddable":true,"href":"https:\/\/www.semanariolocal.cl\/index.php?rest_route=%2Fwp%2Fv2%2Ftags&post=3188"}],"curies":[{"name":"wp","href":"https:\/\/api.w.org\/{rel}","templated":true}]}}