{"id":3185,"date":"2021-11-24T08:10:00","date_gmt":"2021-11-24T11:10:00","guid":{"rendered":"https:\/\/www.semanariolocal.cl\/?p=3185"},"modified":"2021-11-24T12:18:30","modified_gmt":"2021-11-24T15:18:30","slug":"sergio-willer-daniel-asumio-la-presidencia-del-directorio-de-sago-a-g","status":"publish","type":"post","link":"https:\/\/www.semanariolocal.cl\/?p=3185","title":{"rendered":"Sergio Willer Daniel asumi\u00f3 la presidencia del Directorio de SAGO A.G."},"content":{"rendered":"\n<p style=\"font-size:17px\">El productor osornino&nbsp;<strong>Sergio Antonio Willer Daniel (46)<\/strong>&nbsp;asumi\u00f3 como nuevo Presidente del Directorio de la Sociedad Agr\u00edcola y Ganadera de Osorno, SAGO A.G.<\/p>\n\n\n\n<p style=\"font-size:17px\">Oriundo de la comuna de Osorno, el nuevo mandam\u00e1s del principal gremio agr\u00edcola de la regi\u00f3n, es t\u00e9cnico profesional agrario con estudios en el Instituto Adolfo Matthei. Casado, y con tres hijos, trabaja activamente en su predio agr\u00edcola, donde desarrolla ganader\u00eda bovina y ovina.<\/p>\n\n\n\n<p style=\"font-size:17px\">De su padre hered\u00f3 el conocimiento del rubro de la ganader\u00eda, as\u00ed como la vocaci\u00f3n del trabajo gremial. Por ello, ingres\u00f3 a la Sociedad Agr\u00edcola y Ganadera de Osorno en el a\u00f1o 2002, alcanzando en 2018 la vicepresidencia del Gremio, y la presidencia de la Corporaci\u00f3n de la Carne.<\/p>\n\n\n\n<p style=\"font-size:17px\"><strong>Sergio Willer suceder\u00e1 en la presidencia del Gremio a Christian Arntz Mac-Evoy<\/strong>,&nbsp;<strong>quien se convertir\u00e1 en el primer Director Ejecutivo de SAGO A.G.<\/strong>, en una modernizaci\u00f3n de la estructura institucional decidida por el Directorio de la organizaci\u00f3n, que busca apoyar su desarrollo y crecimiento.<\/p>\n\n\n\n<p style=\"font-size:17px\">Tras asumir el cargo, el nuevo presidente del Gremio reconoci\u00f3 el gran trabajo desarrollado por su antecesor.&nbsp;<em>\u00abComo directorio de SAGO queremos reconocer la fruct\u00edfera labor desarrollada por Christian Arntz al mando del directorio de SAGO A.G., liderando la expansi\u00f3n y crecimiento de esta instituci\u00f3n centenaria, que ha estado al servicio de los productores agr\u00edcolas, y de toda la comunidad de Osorno, la provincia, la regi\u00f3n de Los Lagos, y nuestro pa\u00eds. Por ello, nadie mejor que \u00e9l para asumir como nuestro primer Director Ejecutivo\u00bb,<\/em>&nbsp;sostuvo.<\/p>\n\n\n\n<p style=\"font-size:17px\"><em>Respecto del trabajo que desarrollar\u00e1 al mando del Gremio, Sergio Willer indic\u00f3 que \u201cel mandato del Directorio es afianzar el trabajo desarrollado hasta ahora y profundizar nuestra relaci\u00f3n con la comunidad. Creemos que es de la mayor importancia que todos los osorninos y habitantes de la regi\u00f3n sientan presentes a su lado a los agricultores y ganaderos\u201d,&nbsp;<\/em>indic\u00f3.<\/p>\n\n\n\n<p style=\"font-size:17px\"><em>\u201cA veces nos ven como lejanos. Y en nuestra asociaci\u00f3n gremial hay todo tipo de productores, tanto peque\u00f1os como medianos. Por ello, creemos necesario que la gente conozca nuestra labor, y del trabajo diario que hacemos para que no falten productos alimenticios de calidad en las casas de todos los chilenos. SAGO es m\u00e1s que una exposici\u00f3n rural una vez al a\u00f1o: es una instituci\u00f3n querida y respetada en la ciudad , la regi\u00f3n y el pa\u00eds , Y queremos que as\u00ed siga siendo\u201d,<\/em>&nbsp;agreg\u00f3 el presidente de SAGO A.G.<\/p>\n\n\n\n<p style=\"font-size:17px\">\u201c<em>Mientras el mundo sufri\u00f3 los efectos de la pandemia, los productores agr\u00edcolas y ganaderos no detuvieron su trabajo. Y ello permiti\u00f3 que pudi\u00e9semos cumplir con el objetivo diario de nutrir y alimentar a toda la poblaci\u00f3n a pesar de todas las restricciones sanitarias y de movilidad<\/em>\u201d, agreg\u00f3.<\/p>\n\n\n\n<p style=\"font-size:17px\">Sergio Willer Daniel encabezar\u00e1 el Directorio que adem\u00e1s es integrado por los directores Jorge Momberg, Pauline Engler, Adriana Mohr, Ricardo Montesinos, Cristian Parra, Karen Wunderlich y Ricardo Mohr.<\/p>\n","protected":false},"excerpt":{"rendered":"<p>El productor ganadero continuar\u00e1 con la labor desarrollada por su antecesor, Christian Arntz MacEvoy, quien se convertir\u00e1 en el primer Director Ejecutivo del principal gremio agr\u00edcola de la regi\u00f3n de Los Lagos.<\/p>\n","protected":false},"author":1,"featured_media":3186,"comment_status":"closed","ping_status":"closed","sticky":false,"template":"","format":"standard","meta":{"footnotes":""},"categories":[20,3],"tags":[],"class_list":["post-3185","post","type-post","status-publish","format-standard","has-post-thumbnail","hentry","category-agro","category-al-dia"],"_links":{"self":[{"href":"https:\/\/www.semanariolocal.cl\/index.php?rest_route=\/wp\/v2\/posts\/3185","targetHints":{"allow":["GET"]}}],"collection":[{"href":"https:\/\/www.semanariolocal.cl\/index.php?rest_route=\/wp\/v2\/posts"}],"about":[{"href":"https:\/\/www.semanariolocal.cl\/index.php?rest_route=\/wp\/v2\/types\/post"}],"author":[{"embeddable":true,"href":"https:\/\/www.semanariolocal.cl\/index.php?rest_route=\/wp\/v2\/users\/1"}],"replies":[{"embeddable":true,"href":"https:\/\/www.semanariolocal.cl\/index.php?rest_route=%2Fwp%2Fv2%2Fcomments&post=3185"}],"version-history":[{"count":1,"href":"https:\/\/www.semanariolocal.cl\/index.php?rest_route=\/wp\/v2\/posts\/3185\/revisions"}],"predecessor-version":[{"id":3187,"href":"https:\/\/www.semanariolocal.cl\/index.php?rest_route=\/wp\/v2\/posts\/3185\/revisions\/3187"}],"wp:featuredmedia":[{"embeddable":true,"href":"https:\/\/www.semanariolocal.cl\/index.php?rest_route=\/wp\/v2\/media\/3186"}],"wp:attachment":[{"href":"https:\/\/www.semanariolocal.cl\/index.php?rest_route=%2Fwp%2Fv2%2Fmedia&parent=3185"}],"wp:term":[{"taxonomy":"category","embeddable":true,"href":"https:\/\/www.semanariolocal.cl\/index.php?rest_route=%2Fwp%2Fv2%2Fcategories&post=3185"},{"taxonomy":"post_tag","embeddable":true,"href":"https:\/\/www.semanariolocal.cl\/index.php?rest_route=%2Fwp%2Fv2%2Ftags&post=3185"}],"curies":[{"name":"wp","href":"https:\/\/api.w.org\/{rel}","templated":true}]}}