{"id":31828,"date":"2025-10-30T07:55:00","date_gmt":"2025-10-30T10:55:00","guid":{"rendered":"https:\/\/www.semanariolocal.cl\/?p=31828"},"modified":"2025-11-01T11:59:25","modified_gmt":"2025-11-01T14:59:25","slug":"alumno-del-liceo-rahue-participo-en-encuentro-por-jovenes-de-la-alianza-pacifico","status":"publish","type":"post","link":"https:\/\/www.semanariolocal.cl\/?p=31828","title":{"rendered":"Alumno del Liceo Rahue particip\u00f3 en encuentro por j\u00f3venes de la Alianza Pac\u00edfico"},"content":{"rendered":"\n<p><strong><mark style=\"background-color:#abb8c3\" class=\"has-inline-color has-white-color\">30 de Octubre del 2025.-<\/mark><\/strong> Un verdadero orgullo para la comunidad educativa del Liceo T\u00e9cnico Profesional \u201cRahue\u201d Osorno, y de la comuna, se ha trasformado Oscar Alvarado Cisternas, estudiante de 4to a\u00f1o medio de la especialidad de Elaboraci\u00f3n Industrial de Alimentos, quien fue seleccionado por la f\u00e1brica Nestl\u00e9 Cancura, para integrar la delegaci\u00f3n chilena que viaj\u00f3 al \u201cX Encuentro por los J\u00f3venes de la Alianza Pac\u00edfico, 2025\u201d. Evento en el cual Colombia es la sede oficial, el presente a\u00f1o.<\/p>\n\n\n\n<p>Al respecto, el director del establecimiento de Educaci\u00f3n Media Municipal, Luis \u00c1lvarez, se\u00f1al\u00f3 que \u201c<strong><em>es una satisfacci\u00f3n saber que uno de los j\u00f3venes que representa a Chile entero, es alumno de nuestro Liceo Rahue, lo cual demuestra la formaci\u00f3n de calidad que brinda el establecimiento municipal, tanto lectiva como \u00e9tica, lo que le ha permitido destacar frente a otros y hoy ser parte de esa comitiva que se nutre en conocimiento en la ciudad de Bogot\u00e1 en Colombia<\/em><\/strong>\u201d.<\/p>\n\n\n<div class=\"wp-block-image\">\n<figure class=\"alignleft size-large is-resized\"><img loading=\"lazy\" decoding=\"async\" width=\"582\" height=\"600\" src=\"https:\/\/www.semanariolocal.cl\/wp-content\/uploads\/2025\/11\/rehue2-582x600.jpg\" alt=\"\" class=\"wp-image-31830\" style=\"width:333px;height:auto\" srcset=\"https:\/\/www.semanariolocal.cl\/wp-content\/uploads\/2025\/11\/rehue2-582x600.jpg 582w, https:\/\/www.semanariolocal.cl\/wp-content\/uploads\/2025\/11\/rehue2-291x300.jpg 291w, https:\/\/www.semanariolocal.cl\/wp-content\/uploads\/2025\/11\/rehue2-768x791.jpg 768w, https:\/\/www.semanariolocal.cl\/wp-content\/uploads\/2025\/11\/rehue2.jpg 827w\" sizes=\"auto, (max-width: 582px) 100vw, 582px\" \/><\/figure>\n<\/div>\n\n\n<p>El estudiante, dijo \u00c1lvarez, \u201c<strong><em>se caracteriza por ser parte del denominado Plan Dual de formaci\u00f3n, que implica alternar su formaci\u00f3n pedag\u00f3gica entre las clases formales y la pr\u00e1ctica en la empresa, instancia en la cual ha destacado por su compromiso, conocimiento y disposici\u00f3n para continuar aprendiendo. Distinci\u00f3n que le permiti\u00f3 ser nominado por la empresa para integrar la delegaci\u00f3n y representar a los j\u00f3venes de Chile<\/em><\/strong>\u201d.<\/p>\n\n\n\n<p>Por su parte, \u00d3scar Alvarado, se\u00f1al\u00f3 estar aun \u201c<strong><em>sorprendido por la nominaci\u00f3n, pero orgulloso que se reconozca el empe\u00f1o y dedicaci\u00f3n que pongo en mi trabajo, gracias a la excelente formaci\u00f3n que me ha entregado la especialidad y el Liceo Rahue en estos a\u00f1os. Actualmente realizo la pr\u00e1ctica dual en la F\u00e1brica Nestl\u00e9 Cancura, donde fui reconocido por mis compa\u00f1eros de \u00e1rea, por lo que al ser notificado de mi selecci\u00f3n todos me felicitaban por el logro<\/em><\/strong>\u201d.<\/p>\n\n\n\n<p>El evento, a\u00f1adi\u00f3, \u201c<strong><em>nos ha permitido participar de diversas charlas con otros j\u00f3venes y grandes empresas, donde hemos podido compartir nuestra experiencia como trabajadores o como en mi caso, de la vinculaci\u00f3n que existe gracias a mis estudios con una fuente laboral y las oportunidades que me abre recibir formaci\u00f3n T\u00e9cnico Profesional, por lo que recomiendo a todos los j\u00f3venes que deben ingresar a Ense\u00f1anza Media, elegir \u00e9ste tipo de formaci\u00f3n, por la cantidad de opciones que nos entrega<\/em><\/strong>\u201d.<\/p>\n\n\n\n<p><strong>ENCUENTRO INTERNACIONAL<\/strong><\/p>\n\n\n\n<p>El \u201cX Encuentro por los J\u00f3venes de la Alianza del Pac\u00edfico, 2025\u201d, que cuenta con Charlas, Mesas de Trabajo, y Paneles de Debate, es un evento internacional propiciado por la Multinacional Nestl\u00e9, como parte \u201c<em>de su plan global para mejorar la empleabilidad juvenil<\/em>\u201d, donde las oportunidades de di\u00e1logo tienen por fin mayor, compartir ideas y promover la inclusi\u00f3n de este segmento etario al mercado laboral, brindando experiencias y capacitaci\u00f3n, como adem\u00e1s de la motivaci\u00f3n para emprender sus propios negocios.<\/p>\n","protected":false},"excerpt":{"rendered":"<p>Evento internacional que recibe a j\u00f3venes entre 18 a 29 a\u00f1os de Chile, Per\u00fa, Colombia y M\u00e9xico.<\/p>\n","protected":false},"author":1,"featured_media":31829,"comment_status":"closed","ping_status":"closed","sticky":false,"template":"","format":"standard","meta":{"footnotes":""},"categories":[3,11,2890,2496,4353],"tags":[2118,337,273,247,133],"class_list":["post-31828","post","type-post","status-publish","format-standard","has-post-thumbnail","hentry","category-al-dia","category-educacion","category-internacional","category-nacional","category-osorno","tag-semanariolocal","tag-informacion","tag-noticias","tag-region-de-los-lagos","tag-semanario-local"],"_links":{"self":[{"href":"https:\/\/www.semanariolocal.cl\/index.php?rest_route=\/wp\/v2\/posts\/31828","targetHints":{"allow":["GET"]}}],"collection":[{"href":"https:\/\/www.semanariolocal.cl\/index.php?rest_route=\/wp\/v2\/posts"}],"about":[{"href":"https:\/\/www.semanariolocal.cl\/index.php?rest_route=\/wp\/v2\/types\/post"}],"author":[{"embeddable":true,"href":"https:\/\/www.semanariolocal.cl\/index.php?rest_route=\/wp\/v2\/users\/1"}],"replies":[{"embeddable":true,"href":"https:\/\/www.semanariolocal.cl\/index.php?rest_route=%2Fwp%2Fv2%2Fcomments&post=31828"}],"version-history":[{"count":1,"href":"https:\/\/www.semanariolocal.cl\/index.php?rest_route=\/wp\/v2\/posts\/31828\/revisions"}],"predecessor-version":[{"id":31831,"href":"https:\/\/www.semanariolocal.cl\/index.php?rest_route=\/wp\/v2\/posts\/31828\/revisions\/31831"}],"wp:featuredmedia":[{"embeddable":true,"href":"https:\/\/www.semanariolocal.cl\/index.php?rest_route=\/wp\/v2\/media\/31829"}],"wp:attachment":[{"href":"https:\/\/www.semanariolocal.cl\/index.php?rest_route=%2Fwp%2Fv2%2Fmedia&parent=31828"}],"wp:term":[{"taxonomy":"category","embeddable":true,"href":"https:\/\/www.semanariolocal.cl\/index.php?rest_route=%2Fwp%2Fv2%2Fcategories&post=31828"},{"taxonomy":"post_tag","embeddable":true,"href":"https:\/\/www.semanariolocal.cl\/index.php?rest_route=%2Fwp%2Fv2%2Ftags&post=31828"}],"curies":[{"name":"wp","href":"https:\/\/api.w.org\/{rel}","templated":true}]}}