{"id":3182,"date":"2021-11-24T07:08:00","date_gmt":"2021-11-24T10:08:00","guid":{"rendered":"https:\/\/www.semanariolocal.cl\/?p=3182"},"modified":"2021-11-24T12:12:45","modified_gmt":"2021-11-24T15:12:45","slug":"las-problematicas-economicas-a-las-que-deben-poner-enfasis-boric-y-kast","status":"publish","type":"post","link":"https:\/\/www.semanariolocal.cl\/?p=3182","title":{"rendered":"Las problem\u00e1ticas econ\u00f3micas a las que deben poner \u00e9nfasis Boric y Kast"},"content":{"rendered":"\n<p style=\"font-size:17px\">El pr\u00f3ximo 19 de diciembre se producir\u00e1 la segunda vuelta en las elecciones presidenciales entre Jos\u00e9 Antonio Kast y Gabriel Boric, las dos mayor\u00edas en la carrera por llegar a la Moneda.<\/p>\n\n\n\n<p style=\"font-size:17px\">Escenario que en materia econ\u00f3mica dej\u00f3 una fuerte ca\u00edda del precio del d\u00f3lar y alza en la Bolsa de Santiago del 8,3%. \u201cEn nuestro pa\u00eds, los mercados tienen un posicionamiento pol\u00edtico que est\u00e1n definidos seg\u00fan los criterios de la \u00e9lite econ\u00f3mica y que se expresaron muy claramente en el comportamiento del precio del d\u00f3lar y lo sucedido con el IPSA. Da cuenta de la percepci\u00f3n que tienen los mercados, las empresas y la \u00e9lite de cu\u00e1les podr\u00edan ser las alternativas pol\u00edticas beneficiarias a las \u00e9lites para mantener su posici\u00f3n actual\u201d, se\u00f1ala Marcela Vera, economista y acad\u00e9mica de la Usach.<\/p>\n\n\n\n<p style=\"font-size:17px\">Por su parte, V\u00edctor Salas, tambi\u00e9n economista y acad\u00e9mico de la U. de Santiago, sostiene que estos indicadores son algo m\u00e1s bien puntual. \u201cNo son los inversionistas reales, los que compran bienes e instalan empresas\u201d.<\/p>\n\n\n\n<p style=\"font-size:17px\">Consultados sobre las problem\u00e1ticas econ\u00f3micas de los votantes y a las que deben poner \u00e9nfasis en las campa\u00f1as, ambos concordaron en el tema del desempleo. \u201cEso va a ser una complicaci\u00f3n para ambos\u201d, adelanta Salas.<\/p>\n\n\n\n<p style=\"font-size:17px\">\u201cLos indicadores que podamos observar en t\u00e9rminos de empleo, invitan a abrir puestos de trabajo con mejores beneficios, aumento significativo en los salarios y reducci\u00f3n en la precarizaci\u00f3n laboral. Estos elementos permiten que las familias tengan mayor certeza de los ingresos que van a percibir\u201d, complement\u00f3 Marcela Vera.<\/p>\n\n\n\n<p style=\"font-size:17px\">La inflaci\u00f3n y el alza de precios es otro tema que para V\u00edctor Salas es relevante en la preocupaci\u00f3n de varios chilenos. Sobre eso, y tambi\u00e9n de las pymes, entre otros temas, reflexion\u00f3 mayormente Vera.<\/p>\n\n\n\n<p style=\"font-size:17px\">\u201cLos candidatos deben poner \u00e9nfasis en el control de la inflaci\u00f3n, en un apoyo sustantivo a las pymes, el fomento al empleo y de calidad, mejores beneficios labores, aumento en la seguridad del espacio p\u00fablico relacionado con el \u00e1rea de comercio y resguardo de los recursos de los fondos de pensiones y posibilidad de retiro en el futuro\u201d, se\u00f1al\u00f3.<\/p>\n\n\n\n<p style=\"font-size:17px\">Finalmente, Marcela Vera hizo un llamado a analizar modelos de pa\u00edses desarrollados. \u201cNecesariamente todos han incorporado reformas estructurales que apunten a poder generar un control sobre los bienes estrat\u00e9gicos, generando un sistema impositivo que sea progresivo, de manera que el Estado con los recursos suficientes pueda satisfacer aquellas demandas sociales requeridas\u201d. Tambi\u00e9n apunt\u00f3 a la importancia de asegurar la primera vivienda en tiempos que los cr\u00e9ditos hipotecarios est\u00e1n disparados.<\/p>\n","protected":false},"excerpt":{"rendered":"<p>Marcela Vera y V\u00edctor Salas, acad\u00e9micos de la Facultad de Administraci\u00f3n y Econom\u00eda de la U. de Santiago, apuntaron al desempleo como el tema m\u00e1s relevante en esta materia.<\/p>\n","protected":false},"author":1,"featured_media":3183,"comment_status":"closed","ping_status":"closed","sticky":false,"template":"","format":"standard","meta":{"footnotes":""},"categories":[3,6],"tags":[],"class_list":["post-3182","post","type-post","status-publish","format-standard","has-post-thumbnail","hentry","category-al-dia","category-politica"],"_links":{"self":[{"href":"https:\/\/www.semanariolocal.cl\/index.php?rest_route=\/wp\/v2\/posts\/3182","targetHints":{"allow":["GET"]}}],"collection":[{"href":"https:\/\/www.semanariolocal.cl\/index.php?rest_route=\/wp\/v2\/posts"}],"about":[{"href":"https:\/\/www.semanariolocal.cl\/index.php?rest_route=\/wp\/v2\/types\/post"}],"author":[{"embeddable":true,"href":"https:\/\/www.semanariolocal.cl\/index.php?rest_route=\/wp\/v2\/users\/1"}],"replies":[{"embeddable":true,"href":"https:\/\/www.semanariolocal.cl\/index.php?rest_route=%2Fwp%2Fv2%2Fcomments&post=3182"}],"version-history":[{"count":1,"href":"https:\/\/www.semanariolocal.cl\/index.php?rest_route=\/wp\/v2\/posts\/3182\/revisions"}],"predecessor-version":[{"id":3184,"href":"https:\/\/www.semanariolocal.cl\/index.php?rest_route=\/wp\/v2\/posts\/3182\/revisions\/3184"}],"wp:featuredmedia":[{"embeddable":true,"href":"https:\/\/www.semanariolocal.cl\/index.php?rest_route=\/wp\/v2\/media\/3183"}],"wp:attachment":[{"href":"https:\/\/www.semanariolocal.cl\/index.php?rest_route=%2Fwp%2Fv2%2Fmedia&parent=3182"}],"wp:term":[{"taxonomy":"category","embeddable":true,"href":"https:\/\/www.semanariolocal.cl\/index.php?rest_route=%2Fwp%2Fv2%2Fcategories&post=3182"},{"taxonomy":"post_tag","embeddable":true,"href":"https:\/\/www.semanariolocal.cl\/index.php?rest_route=%2Fwp%2Fv2%2Ftags&post=3182"}],"curies":[{"name":"wp","href":"https:\/\/api.w.org\/{rel}","templated":true}]}}