{"id":31792,"date":"2025-10-29T21:53:14","date_gmt":"2025-10-30T00:53:14","guid":{"rendered":"https:\/\/www.semanariolocal.cl\/?p=31792"},"modified":"2025-10-29T21:53:15","modified_gmt":"2025-10-30T00:53:15","slug":"consejo-regional-conoce-avances-de-la-politica-de-sostenibilidad-hidrica-2024-2034","status":"publish","type":"post","link":"https:\/\/www.semanariolocal.cl\/?p=31792","title":{"rendered":"Consejo Regional conoce avances de la Pol\u00edtica de Sostenibilidad H\u00eddrica 2024-2034"},"content":{"rendered":"\n<p><strong><mark style=\"background-color:#abb8c3\" class=\"has-inline-color has-white-color\">29 de Octubre del 2025.- <\/mark><\/strong> La Divisi\u00f3n de Planificaci\u00f3n y Desarrollo Regional del Gobierno Regional de Los Lagos present\u00f3 ante el Consejo Regional el estado de avance de la Pol\u00edtica Regional de Sostenibilidad H\u00eddrica 2024-2034, una hoja de ruta estrat\u00e9gica que busca garantizar la seguridad h\u00eddrica sostenible para las personas, los ecosistemas y los sectores productivos de la regi\u00f3n, considerando los desaf\u00edos del cambio clim\u00e1tico.<\/p>\n\n\n\n<p>Seg\u00fan las proyecciones, para el per\u00edodo 2035-2065 se espera un aumento de 1,2 \u00b0C en la temperatura promedio \u2014el doble del promedio nacional\u2014 y una disminuci\u00f3n significativa en las precipitaciones, lo que incrementar\u00e1 la frecuencia de sequ\u00edas y afectar\u00e1 la disponibilidad de agua. Actualmente, m\u00e1s de 26 mil personas esperan acceder a un servicio sanitario rural y 36 mil dependen del suministro mediante camiones aljibe, reflejando la urgencia de avanzar en soluciones estructurales.<\/p>\n\n\n\n<p>Durante la exposici\u00f3n se detall\u00f3 que la regi\u00f3n cuenta con una oferta h\u00eddrica anual de 120 mil hect\u00f3metros c\u00fabicos, pero que podr\u00eda disminuir hasta un 12% debido al cambio clim\u00e1tico. Por ello, los ejes de trabajo de la pol\u00edtica apuntan a asegurar el acceso al agua potable y saneamiento, fortalecer la disponibilidad para actividades productivas, proteger las fuentes naturales y ecosistemas y preparar al territorio ante sequ\u00edas e inundaciones.<\/p>\n\n\n\n<p>La gobernanza de esta pol\u00edtica se estructura bajo un marco multinivel, que integra a representantes del Gobierno Regional, consejeros regionales, municipios, servicios p\u00fablicos y actores privados. Entre las iniciativas destacadas se encuentran estudios de brechas h\u00eddricas, programas de fortalecimiento t\u00e9cnico y nuevos proyectos para las provincias de Osorno, Llanquihue, Chilo\u00e9 y Palena.<\/p>\n\n\n\n<p>En cuanto a la inversi\u00f3n, se proyecta que la ejecuci\u00f3n de esta pol\u00edtica alcance un 9,6% en su primer a\u00f1o, con un financiamiento mayoritariamente sectorial (84%), complementado por recursos del Gobierno Regional (12,7%), privados (2%) y fondos de aguas (1,3%).<\/p>\n\n\n\n<p>La consejera Yasna V\u00e1squez, representante de la provincia de Llanquihue, destac\u00f3 la importancia de este trabajo regional: \u201cEstamos claros en que el cambio clim\u00e1tico ha sido un factor importante, pero hay que trabajar hoy d\u00eda en ello. En pol\u00edticas como, por ejemplo, sistemas acu\u00edferos, que son muy importantes, que hoy d\u00eda se est\u00e1n trabajando. He conocido un par de sistemas acu\u00edferos que van a ser importantes de abordar y de conocer por los dem\u00e1s consejeros. Tambi\u00e9n a la reutilizaci\u00f3n del agua la desalaci\u00f3n del agua tambi\u00e9n es importante entonces hay varias \u00e1reas que podemos abordar pero que tenemos que comenzar a trabajar ya en ellos en eso estamos conociendo lo que tenemos y aqu\u00ed es lo que nos vamos a enfocar\u201d.<\/p>\n\n\n\n<p>Por su parte, el consejero Rodrigo Arismendi, tambi\u00e9n de la provincia de Llanquihue, valor\u00f3 la coordinaci\u00f3n entre servicios p\u00fablicos y el rol del CORE: \u201chan salido muchas ideas de parte de los consejeros, cada uno por su provincia, de poder levantar la incumplida como iniciativa dentro de esta mesa, como por ejemplo la organizaci\u00f3n de las costas a trav\u00e9s de la captaci\u00f3n de aguas lluvias, por eso es importante las aguas lluvias, tambi\u00e9n el tema de los filtros, el filtro del agua, tambi\u00e9n el tema de los acu\u00edferos, estudios de acu\u00edferos para poder saber c\u00f3mo abordar todo lo que es la demanda y la escasez que tenemos h\u00eddrica en la regi\u00f3n. Pero como acuerdo primordial se tom\u00f3 el poder considerar una cartera de proyectos que dividiera el gobierno regional con iniciativas de cada provincia y podr\u00edan tener una propuesta con recursos al gobernador para que la pueda considerar y esta l\u00ednea de dirigirla y sobre todo condicionarla al gobierno regional\u201d.<\/p>\n\n\n\n<p>Finalmente, el consejero Fredy Gallardo, representante de la provincia de Chilo\u00e9, relev\u00f3 el impacto que esta pol\u00edtica tendr\u00e1 en las islas:\u201d Me preocupa tambi\u00e9n, en lo personal, y lo hice presente en la mesa, la necesidad de poder levantar una l\u00ednea de financiamiento, por ejemplo, que podr\u00eda ser una l\u00ednea free, para que los municipios puedan presentar proyectos pendientes a solucionar los problemas, a veces, m\u00ednimos, b\u00e1sicos, que tienen los APR para funcionar, o para poder, cierto, hacer alguna mejora en sus sistemas, algunos que est\u00e1n funcionando con sus falencias propias, pero que est\u00e1n funcionando, pero que a veces tienen problemas en el en el camino, que son de f\u00e1cil resoluci\u00f3n y de bajo monto financiero. Pero nos parece que hay que hacerlo con una l\u00ednea directa de financiamiento. Tambi\u00e9n hemos solicitado, cierto, en calidad de voceros de la inquietud que tiene nuestro territorio a trav\u00e9s de la uni\u00f3n comunal, de la uni\u00f3n provincial, digo, de APR, de la provincia de Chilo\u00e9, quienes nos plantearon hace un tiempo, en nuestra condici\u00f3n de Comisi\u00f3n Chilo\u00e9, la necesidad de tener laboratorios en el territorio, al menos unos dos o tres, en las comunas que son, de una u otra manera, cabecera de la provincia de Chilo\u00e9\u201d.<\/p>\n\n\n\n<p>A solicitud de los consejeros se continuar\u00e1 impulsando la implementaci\u00f3n de esta pol\u00edtica a trav\u00e9s de la Mesa de Coordinaci\u00f3n del Agua, que buscar\u00e1 fortalecer la gobernanza y priorizar nuevas iniciativas para los pr\u00f3ximos a\u00f1os.<\/p>\n","protected":false},"excerpt":{"rendered":"<p>Seg\u00fan las proyecciones, para el per\u00edodo 2035-2065 se espera un aumento de 1,2 \u00b0C en la temperatura promedio \u2014el doble del promedio nacional\u2014 y una disminuci\u00f3n significativa en las precipitaciones<\/p>\n","protected":false},"author":1,"featured_media":31793,"comment_status":"closed","ping_status":"closed","sticky":false,"template":"","format":"standard","meta":{"footnotes":""},"categories":[2494,4357,2495,2541,6,3842,2483],"tags":[2118,337,273,247,133],"class_list":["post-31792","post","type-post","status-publish","format-standard","has-post-thumbnail","hentry","category-core","category-estudio-publico","category-gore","category-investigacion","category-politica","category-politicas-publicas","category-region","tag-semanariolocal","tag-informacion","tag-noticias","tag-region-de-los-lagos","tag-semanario-local"],"_links":{"self":[{"href":"https:\/\/www.semanariolocal.cl\/index.php?rest_route=\/wp\/v2\/posts\/31792","targetHints":{"allow":["GET"]}}],"collection":[{"href":"https:\/\/www.semanariolocal.cl\/index.php?rest_route=\/wp\/v2\/posts"}],"about":[{"href":"https:\/\/www.semanariolocal.cl\/index.php?rest_route=\/wp\/v2\/types\/post"}],"author":[{"embeddable":true,"href":"https:\/\/www.semanariolocal.cl\/index.php?rest_route=\/wp\/v2\/users\/1"}],"replies":[{"embeddable":true,"href":"https:\/\/www.semanariolocal.cl\/index.php?rest_route=%2Fwp%2Fv2%2Fcomments&post=31792"}],"version-history":[{"count":1,"href":"https:\/\/www.semanariolocal.cl\/index.php?rest_route=\/wp\/v2\/posts\/31792\/revisions"}],"predecessor-version":[{"id":31794,"href":"https:\/\/www.semanariolocal.cl\/index.php?rest_route=\/wp\/v2\/posts\/31792\/revisions\/31794"}],"wp:featuredmedia":[{"embeddable":true,"href":"https:\/\/www.semanariolocal.cl\/index.php?rest_route=\/wp\/v2\/media\/31793"}],"wp:attachment":[{"href":"https:\/\/www.semanariolocal.cl\/index.php?rest_route=%2Fwp%2Fv2%2Fmedia&parent=31792"}],"wp:term":[{"taxonomy":"category","embeddable":true,"href":"https:\/\/www.semanariolocal.cl\/index.php?rest_route=%2Fwp%2Fv2%2Fcategories&post=31792"},{"taxonomy":"post_tag","embeddable":true,"href":"https:\/\/www.semanariolocal.cl\/index.php?rest_route=%2Fwp%2Fv2%2Ftags&post=31792"}],"curies":[{"name":"wp","href":"https:\/\/api.w.org\/{rel}","templated":true}]}}