{"id":3176,"date":"2021-11-23T10:31:00","date_gmt":"2021-11-23T13:31:00","guid":{"rendered":"https:\/\/www.semanariolocal.cl\/?p=3176"},"modified":"2021-11-24T10:33:53","modified_gmt":"2021-11-24T13:33:53","slug":"indap-y-cooprinsem-remarca-compromiso-con-desarrollo-genetico-en-rebanos","status":"publish","type":"post","link":"https:\/\/www.semanariolocal.cl\/?p=3176","title":{"rendered":"INDAP y Cooprinsem remarca compromiso con desarrollo gen\u00e9tico en reba\u00f1os"},"content":{"rendered":"\n<p style=\"font-size:17px\">El primero de una serie de D\u00edas de Campos programados vivieron esta semana los productores de la regi\u00f3n de Los Lagos, junto a Cooprinsem e INDAP, con el objetivo de reforzar sus conocimientos e informar sobre un nueva herramienta de innovaci\u00f3n satelital y actualizar sobre el estado del Programa de Mejoramiento Gen\u00e9tico Bovino (PMG); el cual busca dotar a la peque\u00f1a agricultura regional de herramientas necesarias para generar capacidades y condiciones, que les permitan mejorar la productividad y calidad composicional de la leche<\/p>\n\n\n\n<p style=\"font-size:17px\">Fue as\u00ed como en las cercan\u00edas de Purranque, en el fundo Las Ca\u00f1itas del agricultor, Heinz Nannig estuvieron presentes el Seremi de Agricultura de la Regi\u00f3n de Los Lagos, Eduardo Winkler, el Director Regional de INDAP, Carlos G\u00f3mez, la colaboradora del Departamento de Fomento de INDAP Los Lagos, Patricia Montaldo, junto a agricultores y profesionales del \u00e1rea.<\/p>\n\n\n\n<p style=\"font-size:17px\">En la ocasi\u00f3n, se dieron a conocer variadas presentaciones. La primera de ellas estuvo a cargo de Javier Zapata, Coordinador del M\u00f3dulo de Inseminaci\u00f3n Artificial para el PMG de Cooprinsem, quien convers\u00f3 acerca de los avances del Programa de Mejoramiento Gen\u00e9tico, seguido de Juan Reusch, Director Comercial de la Unidad de Reproducci\u00f3n e Inseminaci\u00f3n de la Cooperativa de los Agricultores, quien analiz\u00f3 las lactancias en los predios de los usuarios del programa.<\/p>\n\n\n\n<p style=\"font-size:17px\">Luego, Heinz Nannig, anfitri\u00f3n de esta jornada, convers\u00f3 sobre las caracter\u00edsticas del predio; dando paso a Francisca Alliende, Coordinadora del M\u00f3dulo de Control Lechero para el PMG de Cooprinsem, quien present\u00f3 un nuevo servicio de medici\u00f3n satelital de praderas.<\/p>\n\n\n\n<p style=\"font-size:17px\">De igual manera, los asistentes realizaron una visita a las instalaciones del predio, donde pudieron presenciar una demostraci\u00f3n pr\u00e1ctica, del uso de elementos de ayuda para la detecci\u00f3n de celos.<\/p>\n\n\n\n<p style=\"font-size:17px\">Eduardo Winkler, Seremi de Agricultura de la Regi\u00f3n de Los Lagos, sostuvo que \u201choy nuestros productores est\u00e1n logrando adaptarse a los tiempos modernos y producir de una forma mucho m\u00e1s efectiva, con mejores niveles productivos y con mayor rentabilidad. Todo esto debido a los avances que se han producido gracias a este Programa de Mejoramiento Gen\u00e9tico, que han venido desarrollando INDAP y Cooprinsem\u201d.<\/p>\n\n\n\n<p style=\"font-size:17px\">Por su parte, Juan Reusch, Director Comercial de la Unidad de Reproducci\u00f3n e Inseminaci\u00f3n de Cooprinsem, mencion\u00f3 que este programa apunta a favorecer tanto el encadenamiento comercial, como la inserci\u00f3n en el proceso exportador de leche, a trav\u00e9s del desarrollo de las bases tecnol\u00f3gicas para mejoramiento gen\u00e9tico. \u201cComo cooperativa buscamos aportar en el desarrollo de los peque\u00f1os agricultores, por lo que ser parte de esta iniciativa nos permite entregarles las mejores herramientas, para mantenerlos siempre a la vanguardia de las nuevas tecnolog\u00edas, con el fin de encontrar las mejores soluciones para su bienestar\u00bb.<\/p>\n\n\n\n<p style=\"font-size:17px\">Finalmente Carlos G\u00f3mez, Director Regional de INDAP Los Lagos, apunt\u00f3 que \u201ceste trabajo en conjunto a Cooprinsem, ha permitido tener un avance importante para los agricultores de nuestra regi\u00f3n, enfocado en la entrega de dosis de semen para el rubro ganadero a bajo costo, el control lechero, para que ellos pueda manejar m\u00e1s y mejor informaci\u00f3n, permiti\u00e9ndoles as\u00ed tomar mejor decisiones, y por supuesto, variadas capacitaciones que les ayudan a avanzar y desarrollar por sus propios medios y capacidades, la inseminaci\u00f3n artificial de su ganado\u201d.<\/p>\n","protected":false},"excerpt":{"rendered":"<p>El primero de una serie de D\u00edas de Campos programados vivieron esta semana los productores de la regi\u00f3n de Los Lagos, junto a Cooprinsem e INDAP, con el objetivo de reforzar sus conocimientos e informar sobre un nueva herramienta de innovaci\u00f3n satelital y actualizar sobre el estado del Programa de Mejoramiento Gen\u00e9tico Bovino (PMG); el&#8230;<a class=\"btnReadMore\" href=\"https:\/\/www.semanariolocal.cl\/?p=3176\"> Leer M\u00e1s<\/a><\/p>\n","protected":false},"author":1,"featured_media":3177,"comment_status":"closed","ping_status":"closed","sticky":false,"template":"","format":"standard","meta":{"footnotes":""},"categories":[20,3],"tags":[],"class_list":["post-3176","post","type-post","status-publish","format-standard","has-post-thumbnail","hentry","category-agro","category-al-dia"],"_links":{"self":[{"href":"https:\/\/www.semanariolocal.cl\/index.php?rest_route=\/wp\/v2\/posts\/3176","targetHints":{"allow":["GET"]}}],"collection":[{"href":"https:\/\/www.semanariolocal.cl\/index.php?rest_route=\/wp\/v2\/posts"}],"about":[{"href":"https:\/\/www.semanariolocal.cl\/index.php?rest_route=\/wp\/v2\/types\/post"}],"author":[{"embeddable":true,"href":"https:\/\/www.semanariolocal.cl\/index.php?rest_route=\/wp\/v2\/users\/1"}],"replies":[{"embeddable":true,"href":"https:\/\/www.semanariolocal.cl\/index.php?rest_route=%2Fwp%2Fv2%2Fcomments&post=3176"}],"version-history":[{"count":1,"href":"https:\/\/www.semanariolocal.cl\/index.php?rest_route=\/wp\/v2\/posts\/3176\/revisions"}],"predecessor-version":[{"id":3178,"href":"https:\/\/www.semanariolocal.cl\/index.php?rest_route=\/wp\/v2\/posts\/3176\/revisions\/3178"}],"wp:featuredmedia":[{"embeddable":true,"href":"https:\/\/www.semanariolocal.cl\/index.php?rest_route=\/wp\/v2\/media\/3177"}],"wp:attachment":[{"href":"https:\/\/www.semanariolocal.cl\/index.php?rest_route=%2Fwp%2Fv2%2Fmedia&parent=3176"}],"wp:term":[{"taxonomy":"category","embeddable":true,"href":"https:\/\/www.semanariolocal.cl\/index.php?rest_route=%2Fwp%2Fv2%2Fcategories&post=3176"},{"taxonomy":"post_tag","embeddable":true,"href":"https:\/\/www.semanariolocal.cl\/index.php?rest_route=%2Fwp%2Fv2%2Ftags&post=3176"}],"curies":[{"name":"wp","href":"https:\/\/api.w.org\/{rel}","templated":true}]}}