{"id":31754,"date":"2025-10-28T11:00:00","date_gmt":"2025-10-28T14:00:00","guid":{"rendered":"https:\/\/www.semanariolocal.cl\/?p=31754"},"modified":"2025-10-28T21:59:12","modified_gmt":"2025-10-29T00:59:12","slug":"sistema-de-pago-electronico-en-buses-urbanos-de-la-region-comenzaria-a-operar-en-2026","status":"publish","type":"post","link":"https:\/\/www.semanariolocal.cl\/?p=31754","title":{"rendered":"Sistema de pago electr\u00f3nico en buses urbanos de la regi\u00f3n comenzar\u00eda a operar en 2026"},"content":{"rendered":"\n<p><strong><mark style=\"background-color:#abb8c3\" class=\"has-inline-color has-white-color\">28 de octubre del 2025.- <\/mark><\/strong>El pasado viernes el Ministerio de Transportes y Telecomunicaciones (MTT) realiz\u00f3 la apertura de oferta para el primer proyecto de pago electr\u00f3nico con interoperabilidad birregional del pa\u00eds, y recibi\u00f3 cuatro empresas interesadas en asumir el desaf\u00edo.<\/p>\n\n\n\n<p>La iniciativa tiene como objetivo principal dotar a los buses con tecnolog\u00eda de punta, lo que permitir\u00e1 no s\u00f3lo mejorar la experiencia de los pasajeros, sino tambi\u00e9n optimizar los procesos de fiscalizaci\u00f3n y fortalecer el control en la entrega de beneficios tarifarios a estudiantes y personas mayores.<\/p>\n\n\n\n<p>El subsecretario de Transportes, Jorge Daza, destac\u00f3 que \u00abla implementaci\u00f3n del recaudo electr\u00f3nico en el transporte p\u00fablico mayor en las ciudades de Valdivia, Osorno, Puerto Montt, Castro y Quell\u00f3n, es uno de nuestros proyectos m\u00e1s emblem\u00e1ticos, porque representa un paso significativo para cumplir con unos de los principales objetivos de nuestro Gobierno en materia de movilidad y equidad territorial en dos regiones del pa\u00eds, que es la modernizaci\u00f3n progresiva de los servicios de transporte p\u00fablico. Por eso, estamos muy contentos con el avance de esta licitaci\u00f3n y con la respuesta por parte de la industria, lo que va a permitir concretar durante el pr\u00f3ximo a\u00f1o este importante hito tecnol\u00f3gico en Los R\u00edos y Los Lagos\u00bb.<\/p>\n\n\n\n<p>El servicio de recaudo contempla la instalaci\u00f3n de validadores de medios de acceso en el 100% de la flota de buses de ambas regiones, permitiendo a los usuarios pagar su pasaje mediante tarjetas de transporte, c\u00f3digos QR y tarjetas bancarias bajo el est\u00e1ndar EMV. Adicionalmente, el sistema incluye una red de puntos de venta y recarga presencial, distribuidos de manera equitativa en ambas regiones, junto con cinco centros de atenci\u00f3n al usuario y canales de soporte en l\u00ednea, garantizando una atenci\u00f3n oportuna y accesible.<\/p>\n\n\n\n<p>De esta forma, las cuatro ofertas recibidas entrar\u00e1n en proceso de evaluaci\u00f3n para revisar su admisibilidad primero, y sus condiciones t\u00e9cnicas y econ\u00f3micas posteriormente.<\/p>\n\n\n\n<p>El cronograma contin\u00faa y se proyecta que el sistema est\u00e9 operativo en las cinco comunas que contempla el proyecto (Valdivia, Puerto Montt, Osorno, Castro y Quell\u00f3n), durante el \u00faltimo trimestre de 2026.<\/p>\n","protected":false},"excerpt":{"rendered":"<p>Las comunas que est\u00e1n consideradas en el proyecto, son: Valdivia, Puerto Montt, Osorno, Castro y Quell\u00f3n.<\/p>\n","protected":false},"author":1,"featured_media":31755,"comment_status":"closed","ping_status":"closed","sticky":false,"template":"","format":"standard","meta":{"footnotes":""},"categories":[3,3608,2483,4585,4356],"tags":[2118,337,273,247,133],"class_list":["post-31754","post","type-post","status-publish","format-standard","has-post-thumbnail","hentry","category-al-dia","category-estado","category-region","category-seremia","category-transporte","tag-semanariolocal","tag-informacion","tag-noticias","tag-region-de-los-lagos","tag-semanario-local"],"_links":{"self":[{"href":"https:\/\/www.semanariolocal.cl\/index.php?rest_route=\/wp\/v2\/posts\/31754","targetHints":{"allow":["GET"]}}],"collection":[{"href":"https:\/\/www.semanariolocal.cl\/index.php?rest_route=\/wp\/v2\/posts"}],"about":[{"href":"https:\/\/www.semanariolocal.cl\/index.php?rest_route=\/wp\/v2\/types\/post"}],"author":[{"embeddable":true,"href":"https:\/\/www.semanariolocal.cl\/index.php?rest_route=\/wp\/v2\/users\/1"}],"replies":[{"embeddable":true,"href":"https:\/\/www.semanariolocal.cl\/index.php?rest_route=%2Fwp%2Fv2%2Fcomments&post=31754"}],"version-history":[{"count":1,"href":"https:\/\/www.semanariolocal.cl\/index.php?rest_route=\/wp\/v2\/posts\/31754\/revisions"}],"predecessor-version":[{"id":31756,"href":"https:\/\/www.semanariolocal.cl\/index.php?rest_route=\/wp\/v2\/posts\/31754\/revisions\/31756"}],"wp:featuredmedia":[{"embeddable":true,"href":"https:\/\/www.semanariolocal.cl\/index.php?rest_route=\/wp\/v2\/media\/31755"}],"wp:attachment":[{"href":"https:\/\/www.semanariolocal.cl\/index.php?rest_route=%2Fwp%2Fv2%2Fmedia&parent=31754"}],"wp:term":[{"taxonomy":"category","embeddable":true,"href":"https:\/\/www.semanariolocal.cl\/index.php?rest_route=%2Fwp%2Fv2%2Fcategories&post=31754"},{"taxonomy":"post_tag","embeddable":true,"href":"https:\/\/www.semanariolocal.cl\/index.php?rest_route=%2Fwp%2Fv2%2Ftags&post=31754"}],"curies":[{"name":"wp","href":"https:\/\/api.w.org\/{rel}","templated":true}]}}