{"id":3173,"date":"2021-11-23T10:28:00","date_gmt":"2021-11-23T13:28:00","guid":{"rendered":"https:\/\/www.semanariolocal.cl\/?p=3173"},"modified":"2021-11-24T10:31:28","modified_gmt":"2021-11-24T13:31:28","slug":"diputados-udi-profundiza-en-diferencia-entre-comando-del-fa-y-el-pc","status":"publish","type":"post","link":"https:\/\/www.semanariolocal.cl\/?p=3173","title":{"rendered":"Diputados UDI profundiza en diferencia entre comando del FA y el PC"},"content":{"rendered":"\n<p style=\"font-size:17px\">El subjefe de la Bancada UDI, Gustavo Sanhueza, junto al diputado Juan Manuel Fuenzalida, aseguraron que la nueva pol\u00e9mica que enfrenta al candidato presidencial Gabriel Boric con el Partido Comunista (PC) \u201ces una muestra m\u00e1s de la incapacidad que ambos tienen para gobernar nuestro pa\u00eds y es un anticipo de lo que ver\u00edamos en caso de que ganen la segunda vuelta\u201d.<\/p>\n\n\n\n<p style=\"font-size:17px\">Al respecto, ambos parlamentarios calificaron como \u201cins\u00f3lito\u201d que al primer d\u00eda de campa\u00f1a el diputado se haya visto envuelto en una nueva diferencia con el PC, luego que descartara que el alcalde Daniel Jadue formara parte de su comando al no considerarlo como una persona \u201ctransversal\u201d, lo que provoc\u00f3 que dicho partido le exigiera explicaciones devuelta.<\/p>\n\n\n\n<p style=\"font-size:17px\">\u201cEs ins\u00f3lito que al primer d\u00eda de campa\u00f1a de cara a la segunda vuelta Boric y el PC ya se est\u00e9n enfrentando p\u00fablicamente. Al parecer, el Frente Amplio no era tan amplio como lo prometieron, porque ya est\u00e1n dejando fuera a un alcalde comunista porque saben perfectamente que los chilenos no quieren su ideolog\u00eda para nuestro pa\u00eds\u201d, recalcaron los diputados UDI.<\/p>\n\n\n\n<p style=\"font-size:17px\">En esa l\u00ednea, Sanhueza y Fuenzalida insistieron en que \u201ces indispensable que la ciudadan\u00eda comprenda todo el poder que tiene el PC dentro del comando de Boric\u201d, agregando que \u201cbasta ver qui\u00e9nes estaban en el escenario y el discurso que realiz\u00f3 el candidato para entender que el Partido Comunista, que ahora tendr\u00e1 dos senadores y 12 diputados, ser\u00e1 el partido hegem\u00f3nico y Boric se convertir\u00e1 en un t\u00edtere de ellos y de Daniel Jadue\u201d.<\/p>\n\n\n\n<p style=\"font-size:17px\">Por \u00faltimo, los parlamentarios gremialistas llamaron a la ciudadan\u00eda a \u201cver las verdaderas diferencias entre una y otra candidatura, porque mientras Kast y los partidos de Chile Vamos estuvieron el primer d\u00eda preocupados de tender puentes y buscar qu\u00e9 es lo mejor para todos los chilenos, Boric y el PC se dedicaron a discutir p\u00fablicamente y a mostrarnos c\u00f3mo ser\u00eda un eventual gobierno de extrema izquierda, donde el Partido Comunista tendr\u00e1 el verdadero poder\u201d.<\/p>\n","protected":false},"excerpt":{"rendered":"<p>Gustavo Sanhueza y Juan Manuel Fuenzalida aseguraron que la nueva pol\u00e9mica entre el candidato presidencial y los comunistas \u201ces un anticipo de lo que ver\u00edamos en caso de que ganen la segunda vuelta\u201d, agregando que \u201cal parecer, el Frente Amplio no era tan amplio como lo prometieron\u201d. <\/p>\n","protected":false},"author":1,"featured_media":3174,"comment_status":"closed","ping_status":"closed","sticky":false,"template":"","format":"standard","meta":{"footnotes":""},"categories":[3,6],"tags":[],"class_list":["post-3173","post","type-post","status-publish","format-standard","has-post-thumbnail","hentry","category-al-dia","category-politica"],"_links":{"self":[{"href":"https:\/\/www.semanariolocal.cl\/index.php?rest_route=\/wp\/v2\/posts\/3173","targetHints":{"allow":["GET"]}}],"collection":[{"href":"https:\/\/www.semanariolocal.cl\/index.php?rest_route=\/wp\/v2\/posts"}],"about":[{"href":"https:\/\/www.semanariolocal.cl\/index.php?rest_route=\/wp\/v2\/types\/post"}],"author":[{"embeddable":true,"href":"https:\/\/www.semanariolocal.cl\/index.php?rest_route=\/wp\/v2\/users\/1"}],"replies":[{"embeddable":true,"href":"https:\/\/www.semanariolocal.cl\/index.php?rest_route=%2Fwp%2Fv2%2Fcomments&post=3173"}],"version-history":[{"count":1,"href":"https:\/\/www.semanariolocal.cl\/index.php?rest_route=\/wp\/v2\/posts\/3173\/revisions"}],"predecessor-version":[{"id":3175,"href":"https:\/\/www.semanariolocal.cl\/index.php?rest_route=\/wp\/v2\/posts\/3173\/revisions\/3175"}],"wp:featuredmedia":[{"embeddable":true,"href":"https:\/\/www.semanariolocal.cl\/index.php?rest_route=\/wp\/v2\/media\/3174"}],"wp:attachment":[{"href":"https:\/\/www.semanariolocal.cl\/index.php?rest_route=%2Fwp%2Fv2%2Fmedia&parent=3173"}],"wp:term":[{"taxonomy":"category","embeddable":true,"href":"https:\/\/www.semanariolocal.cl\/index.php?rest_route=%2Fwp%2Fv2%2Fcategories&post=3173"},{"taxonomy":"post_tag","embeddable":true,"href":"https:\/\/www.semanariolocal.cl\/index.php?rest_route=%2Fwp%2Fv2%2Ftags&post=3173"}],"curies":[{"name":"wp","href":"https:\/\/api.w.org\/{rel}","templated":true}]}}