{"id":3166,"date":"2021-11-23T07:10:00","date_gmt":"2021-11-23T10:10:00","guid":{"rendered":"https:\/\/www.semanariolocal.cl\/?p=3166"},"modified":"2021-11-23T00:00:28","modified_gmt":"2021-11-23T03:00:28","slug":"comenzaron-trabajos-de-recapado-en-purranque","status":"publish","type":"post","link":"https:\/\/www.semanariolocal.cl\/?p=3166","title":{"rendered":"Comenzaron trabajos de recapado en Purranque"},"content":{"rendered":"\n<p style=\"font-size:17px\">Finalmente, este lunes 22 de noviembre comenzaron los trabajos de recapado de la ruta que une Purranque y Corte Alto, en el sector conocido como \u201cLa Turbina\u201d. Lo anterior tras el compromiso adoptado por Vialidad con el Municipio de Purranque.<\/p>\n\n\n\n<p style=\"font-size:17px\">\u201cEn virtud de la gesti\u00f3n que nos compete, luego de un tiempo mayor al presupuestado, y con la preocupaci\u00f3n del Gobierno local y este alcalde por esta situaci\u00f3n que nos ten\u00eda muy intranquilos, por la seguridad de nuestros conductores y peatones que a diario transitan por esta ruta\u201d, se\u00f1al\u00f3 el alcalde&nbsp;<strong>C\u00e9sar Crot<\/strong>, quien se mostr\u00f3 satisfecho por este inicio de las obras que hab\u00edan sido postergadas por diversos motivos.<\/p>\n\n\n\n<p style=\"font-size:17px\">Por su parte,&nbsp;<strong>Enzo Dellarossa<\/strong>, director regional de Vialidad,&nbsp;detall\u00f3 que se trata del recapado de 3.800 metros, de los cuales cerca de 600 corresponden a la zona urbana. \u201cLos trabajos consisten en la colocaci\u00f3n de una carpeta asf\u00e1ltica nueva sobre el tratamiento existente, previa preparaci\u00f3n de la superficie. Esperamos tener los trabajos ejecutados en unas tres semanas, dependiendo de c\u00f3mo se comporte el clima. Estamos hablando de una inversi\u00f3n con fondos sectoriales de la Direcci\u00f3n de Vialidad del orden de 300 millones de pesos\u201d.&nbsp;<\/p>\n","protected":false},"excerpt":{"rendered":"<p>Finalmente, este lunes 22 de noviembre comenzaron los trabajos de recapado de la ruta que une Purranque y Corte Alto, en el sector conocido como \u201cLa Turbina\u201d. Lo anterior tras el compromiso adoptado por Vialidad con el Municipio de Purranque. \u201cEn virtud de la gesti\u00f3n que nos compete, luego de un tiempo mayor al presupuestado,&#8230;<a class=\"btnReadMore\" href=\"https:\/\/www.semanariolocal.cl\/?p=3166\"> Leer M\u00e1s<\/a><\/p>\n","protected":false},"author":1,"featured_media":3168,"comment_status":"closed","ping_status":"closed","sticky":false,"template":"","format":"standard","meta":{"footnotes":""},"categories":[3,8],"tags":[],"class_list":["post-3166","post","type-post","status-publish","format-standard","has-post-thumbnail","hentry","category-al-dia","category-comunas"],"_links":{"self":[{"href":"https:\/\/www.semanariolocal.cl\/index.php?rest_route=\/wp\/v2\/posts\/3166","targetHints":{"allow":["GET"]}}],"collection":[{"href":"https:\/\/www.semanariolocal.cl\/index.php?rest_route=\/wp\/v2\/posts"}],"about":[{"href":"https:\/\/www.semanariolocal.cl\/index.php?rest_route=\/wp\/v2\/types\/post"}],"author":[{"embeddable":true,"href":"https:\/\/www.semanariolocal.cl\/index.php?rest_route=\/wp\/v2\/users\/1"}],"replies":[{"embeddable":true,"href":"https:\/\/www.semanariolocal.cl\/index.php?rest_route=%2Fwp%2Fv2%2Fcomments&post=3166"}],"version-history":[{"count":1,"href":"https:\/\/www.semanariolocal.cl\/index.php?rest_route=\/wp\/v2\/posts\/3166\/revisions"}],"predecessor-version":[{"id":3169,"href":"https:\/\/www.semanariolocal.cl\/index.php?rest_route=\/wp\/v2\/posts\/3166\/revisions\/3169"}],"wp:featuredmedia":[{"embeddable":true,"href":"https:\/\/www.semanariolocal.cl\/index.php?rest_route=\/wp\/v2\/media\/3168"}],"wp:attachment":[{"href":"https:\/\/www.semanariolocal.cl\/index.php?rest_route=%2Fwp%2Fv2%2Fmedia&parent=3166"}],"wp:term":[{"taxonomy":"category","embeddable":true,"href":"https:\/\/www.semanariolocal.cl\/index.php?rest_route=%2Fwp%2Fv2%2Fcategories&post=3166"},{"taxonomy":"post_tag","embeddable":true,"href":"https:\/\/www.semanariolocal.cl\/index.php?rest_route=%2Fwp%2Fv2%2Ftags&post=3166"}],"curies":[{"name":"wp","href":"https:\/\/api.w.org\/{rel}","templated":true}]}}