{"id":3163,"date":"2021-11-23T07:05:00","date_gmt":"2021-11-23T10:05:00","guid":{"rendered":"https:\/\/www.semanariolocal.cl\/?p=3163"},"modified":"2021-11-22T23:57:56","modified_gmt":"2021-11-23T02:57:56","slug":"jovenes-en-reinsercion-social-se-certificaron-en-panaderia-basica","status":"publish","type":"post","link":"https:\/\/www.semanariolocal.cl\/?p=3163","title":{"rendered":"J\u00f3venes en reinserci\u00f3n social se certificaron en panader\u00eda b\u00e1sica"},"content":{"rendered":"\n<p style=\"font-size:17px\">J\u00f3venes en conflicto con la justicia y que encuentran el en Centro de Internaci\u00f3n Provisoria y Centro de R\u00e9gimen Cerrado, CIP-CRC, de Sename, se certificaron en \u201cOperaci\u00f3n B\u00e1sica de Panader\u00eda\u201d, una capacitaci\u00f3n a la que accedieron como parte de las rutinas de trabajo para su reinserci\u00f3n social efectiva.&nbsp;<\/p>\n\n\n\n<p style=\"font-size:17px\">Se trat\u00f3 de 6 j\u00f3venes y adolescentes, quienes completaron las 133 horas de capacitaci\u00f3n con que cont\u00f3 el curso, el cual se extendi\u00f3 entre los meses de septiembre y noviembre de este a\u00f1o, y en el que ellos participaron demostrando gran inter\u00e9s con una asistencia promedio de un 92,8% y una media de 6,3 en las notas finales, siendo todos aprobados y certificados en una emotiva ceremonia, que cont\u00f3 con la presencia del Seremi de Justicia y DD.HH. y la directora regional de Sename.&nbsp;<\/p>\n\n\n\n<p style=\"font-size:17px\">Esta capacitaci\u00f3n surgi\u00f3 de los propios intereses de aprendizaje de los j\u00f3venes, los cuales fueron levantados por profesionales psic\u00f3logos, terapeuta ocupacional y educadores de trato directo de Sename. Adem\u00e1s, es la segunda capacitaci\u00f3n presencial que se puede realizar este a\u00f1o, tras retomar este tipo de actividades, ya que en 2020 fueron suspendidas producto de la pandemia, lo que, por cierto, ayudo a evitar contagios de j\u00f3venes al interior del recinto.&nbsp;<\/p>\n\n\n\n<p style=\"font-size:17px\">La directora regional de Sename, Lilian Pe\u00f1a, se\u00f1al\u00f3 sobre esta formaci\u00f3n que \u201cla educaci\u00f3n y la capacitaci\u00f3n laboral son los ejes estrat\u00e9gicos para una adecuada reinserci\u00f3n social de cualquier persona que se encuentra privada de libertad, y especialmente en adolescentes y j\u00f3venes. Estas siempre son instancias de emoci\u00f3n, los j\u00f3venes est\u00e1n felices, los equipos est\u00e1n orgullosos y nosotros nos emocionamos porque son los resultados que nos permiten evidenciar que se est\u00e1n cumpliendo los objetivos y que debemos seguir desarrollando iniciativas que permitan avanzar a\u00fan m\u00e1s en los procesos de reinserci\u00f3n de los j\u00f3venes\u201d.&nbsp;<\/p>\n\n\n\n<p style=\"font-size:17px\">Los seis j\u00f3venes certificados recibieron sus respectivos diplomas en una ceremonia a la que concurrieron sus familias, siempre limitados por el aforo permitido y las medidas preventivas del covid-19. A pesar de aquello, en la ceremonia se vieron emotivas muestras de alegr\u00eda y orgullo, tanto por parte de los j\u00f3venes y sus familias, como de parte de los funcionarios y funcionarias del Sename que a diario acompa\u00f1an la reinserci\u00f3n social y son testigos de la evoluci\u00f3n del proceso.&nbsp;<\/p>\n\n\n\n<p style=\"font-size:17px\">El Seremi de Justicia y DD.HH., Alex Meeder, al finalizar la actividad se\u00f1al\u00f3 que \u201cesto nos ha llenado de alegr\u00eda, uno por la constancia, por la permanencia en las clases. Incluso ellos mismos, por iniciativa propia, comenzaron a cocinar los d\u00edas s\u00e1bado, precisamente para tener pasteler\u00eda para las visitas familiares del d\u00eda domingo, lo cual nos sorprendi\u00f3 a todos, y eso revela precisamente c\u00f3mo, estas peque\u00f1as instancias de capacitaci\u00f3n, destapan el interior de todas las personas y lo bueno que hay en ellas\u201d.&nbsp;<\/p>\n\n\n\n<p style=\"font-size:17px\">Los cursos y capacitaciones para la reinserci\u00f3n social y laboral de j\u00f3venes y adolescentes continuar\u00e1n el a\u00f1o 2022 y se espera que, para entonces, ya se puedan realizar con la regularidad y normalidad pre pandemia.&nbsp;<\/p>\n","protected":false},"excerpt":{"rendered":"<p>J\u00f3venes en conflicto con la justicia y que encuentran el en Centro de Internaci\u00f3n Provisoria y Centro de R\u00e9gimen Cerrado, CIP-CRC, de Sename, se certificaron en \u201cOperaci\u00f3n B\u00e1sica de Panader\u00eda\u201d, una capacitaci\u00f3n a la que accedieron como parte de las rutinas de trabajo para su reinserci\u00f3n social efectiva.&nbsp; Se trat\u00f3 de 6 j\u00f3venes y adolescentes,&#8230;<a class=\"btnReadMore\" href=\"https:\/\/www.semanariolocal.cl\/?p=3163\"> Leer M\u00e1s<\/a><\/p>\n","protected":false},"author":1,"featured_media":3164,"comment_status":"closed","ping_status":"closed","sticky":false,"template":"","format":"standard","meta":{"footnotes":""},"categories":[3,9],"tags":[],"class_list":["post-3163","post","type-post","status-publish","format-standard","has-post-thumbnail","hentry","category-al-dia","category-gobierno"],"_links":{"self":[{"href":"https:\/\/www.semanariolocal.cl\/index.php?rest_route=\/wp\/v2\/posts\/3163","targetHints":{"allow":["GET"]}}],"collection":[{"href":"https:\/\/www.semanariolocal.cl\/index.php?rest_route=\/wp\/v2\/posts"}],"about":[{"href":"https:\/\/www.semanariolocal.cl\/index.php?rest_route=\/wp\/v2\/types\/post"}],"author":[{"embeddable":true,"href":"https:\/\/www.semanariolocal.cl\/index.php?rest_route=\/wp\/v2\/users\/1"}],"replies":[{"embeddable":true,"href":"https:\/\/www.semanariolocal.cl\/index.php?rest_route=%2Fwp%2Fv2%2Fcomments&post=3163"}],"version-history":[{"count":1,"href":"https:\/\/www.semanariolocal.cl\/index.php?rest_route=\/wp\/v2\/posts\/3163\/revisions"}],"predecessor-version":[{"id":3165,"href":"https:\/\/www.semanariolocal.cl\/index.php?rest_route=\/wp\/v2\/posts\/3163\/revisions\/3165"}],"wp:featuredmedia":[{"embeddable":true,"href":"https:\/\/www.semanariolocal.cl\/index.php?rest_route=\/wp\/v2\/media\/3164"}],"wp:attachment":[{"href":"https:\/\/www.semanariolocal.cl\/index.php?rest_route=%2Fwp%2Fv2%2Fmedia&parent=3163"}],"wp:term":[{"taxonomy":"category","embeddable":true,"href":"https:\/\/www.semanariolocal.cl\/index.php?rest_route=%2Fwp%2Fv2%2Fcategories&post=3163"},{"taxonomy":"post_tag","embeddable":true,"href":"https:\/\/www.semanariolocal.cl\/index.php?rest_route=%2Fwp%2Fv2%2Ftags&post=3163"}],"curies":[{"name":"wp","href":"https:\/\/api.w.org\/{rel}","templated":true}]}}