{"id":31600,"date":"2025-10-17T23:00:00","date_gmt":"2025-10-18T02:00:00","guid":{"rendered":"https:\/\/www.semanariolocal.cl\/?p=31600"},"modified":"2025-10-18T00:39:10","modified_gmt":"2025-10-18T03:39:10","slug":"reflexiones-sobre-el-dia-de-la-mujer-escritora","status":"publish","type":"post","link":"https:\/\/www.semanariolocal.cl\/?p=31600","title":{"rendered":"Reflexiones sobre el D\u00eda de la Mujer Escritora"},"content":{"rendered":"\n<p><strong><mark style=\"background-color:#abb8c3\" class=\"has-inline-color has-white-color\">17 de Octubre del 2025.-<\/mark><\/strong> Con el correr de los a\u00f1os el acceso a la lectura y escritura fue concedido solo para aquellas mujeres que pertenec\u00edan a los sectores econ\u00f3micamente favorecidos y solo relegadas al \u00e1mbito privado.<\/p>\n\n\n\n<p>Resulta singular dar cuenta que el D\u00eda de la Mujer Escritora se celebra en conmemoraci\u00f3n al fallecimiento de Teresa de \u00c1vila, una mujer que se dedic\u00f3 precozmente a la vida contemplativa ingresando a un convento para consagrar su existencia a Dios, inducida quiz\u00e1s por una enfermedad que la acompa\u00f1\u00f3 durante toda su vida y por las condiciones de vida de las mujeres que se vieron obligadas a ampararse en la iglesia para la producci\u00f3n de sus ideas a trav\u00e9s de la escritura. Otro ejemplo, es sor Juana In\u00e9s de la Cruz, quien, siguiendo su inter\u00e9s literario, tambi\u00e9n fue forzada por su realidad hist\u00f3rica y social a recluirse en un convento para dedicarse a escribir.<\/p>\n\n\n\n<p>No es hasta el siglo xviii y que se mantiene hasta avanzado el siglo xix que la escritura y la lectura trasciende m\u00e1s all\u00e1 de lo dom\u00e9stico, pero con indignas limitaciones para publicar debiendo utilizar seud\u00f3nimos, generalmente masculinos, para ocultar su identidad de mujer. Un ejemplo de ello es lo manifestado por un poeta a una de las hermanas Bront\u00eb, Charlotte Bront\u00eb, autora de la novela Jane Eyre: \u00abLa literatura no puede ser asunto de la vida de una mujer, y no deber\u00eda ser as\u00ed\u00bb.<\/p>\n\n\n\n<p>En nuestro pa\u00eds, la primera mujer que logr\u00f3 un t\u00edtulo universitario en 1887 fue Elo\u00edsa Diaz quien se gradu\u00f3 de m\u00e9dica cirujana. No es hasta el siglo xx que las mujeres alentadas por ideas feminista comienzan a escribir para cuestionar el patriarcado, y junto con ello a promover el acceso a la educaci\u00f3n de las mujeres, a pesar de ello el panorama no resulta alentador.<\/p>\n\n\n\n<p>En 2023, datos de la UNESCO publicados en su p\u00e1gina web se\u00f1alan que las mujeres siguen representando casi dos tercios de los 765 millones de adultos que carecen de conocimientos b\u00e1sicos de lectura y escritura. El mismo a\u00f1o en Chile, y dados los resultados de medici\u00f3n de la calidad de los aprendizajes revelaron desaf\u00edos urgentes de abordar, entre ellos, el notorio descenso en el nivel de logros de aprendizajes en Matem\u00e1tica en particular de las ni\u00f1as.<\/p>\n\n\n\n<p>Se agrega a lo anterior, un informe del a\u00f1o 2022 presentado por la organizaci\u00f3n mundial de escritores PEN Internacional, con apoyo de la Unesco, el que se\u00f1ala que en Latinoam\u00e9rica solo el 30% del espacio en la industria editorial, medios de difusi\u00f3n, festivales y premios literarios es destinado a las mujeres.<\/p>\n\n\n\n<p>Sin embargo, un dato que merece ser mencionado es que las mujeres leen proporcionalmente m\u00e1s que los hombres, lo que deber\u00eda reportar entonces mayor n\u00famero de autor\u00eda femenina en diferentes \u00e1mbitos del saber. Para lo que se requiere mejorar las pol\u00edticas p\u00fablicas que promuevan la participaci\u00f3n de las mujeres en investigaci\u00f3n, literatura y comunicaci\u00f3n.<\/p>\n\n\n\n<p><strong>Patricia Mu\u00f1oz, Bibliotecaria Documentalista U.Central sede Regi\u00f3n de Coquimbo<\/strong><\/p>\n","protected":false},"excerpt":{"rendered":"<p>Hist\u00f3ricamente la escritura ha estado presente en nuestras vidas hace miles de a\u00f1os, sin embargo, para una fracci\u00f3n de la humanidad estuvo vedada y restringida. <\/p>\n","protected":false},"author":1,"featured_media":31601,"comment_status":"closed","ping_status":"closed","sticky":false,"template":"","format":"standard","meta":{"footnotes":""},"categories":[3,2691,2431,3750],"tags":[2118,337,273,247,133],"class_list":["post-31600","post","type-post","status-publish","format-standard","has-post-thumbnail","hentry","category-al-dia","category-arte","category-literatura","category-mujer-y-belleza","tag-semanariolocal","tag-informacion","tag-noticias","tag-region-de-los-lagos","tag-semanario-local"],"_links":{"self":[{"href":"https:\/\/www.semanariolocal.cl\/index.php?rest_route=\/wp\/v2\/posts\/31600","targetHints":{"allow":["GET"]}}],"collection":[{"href":"https:\/\/www.semanariolocal.cl\/index.php?rest_route=\/wp\/v2\/posts"}],"about":[{"href":"https:\/\/www.semanariolocal.cl\/index.php?rest_route=\/wp\/v2\/types\/post"}],"author":[{"embeddable":true,"href":"https:\/\/www.semanariolocal.cl\/index.php?rest_route=\/wp\/v2\/users\/1"}],"replies":[{"embeddable":true,"href":"https:\/\/www.semanariolocal.cl\/index.php?rest_route=%2Fwp%2Fv2%2Fcomments&post=31600"}],"version-history":[{"count":1,"href":"https:\/\/www.semanariolocal.cl\/index.php?rest_route=\/wp\/v2\/posts\/31600\/revisions"}],"predecessor-version":[{"id":31602,"href":"https:\/\/www.semanariolocal.cl\/index.php?rest_route=\/wp\/v2\/posts\/31600\/revisions\/31602"}],"wp:featuredmedia":[{"embeddable":true,"href":"https:\/\/www.semanariolocal.cl\/index.php?rest_route=\/wp\/v2\/media\/31601"}],"wp:attachment":[{"href":"https:\/\/www.semanariolocal.cl\/index.php?rest_route=%2Fwp%2Fv2%2Fmedia&parent=31600"}],"wp:term":[{"taxonomy":"category","embeddable":true,"href":"https:\/\/www.semanariolocal.cl\/index.php?rest_route=%2Fwp%2Fv2%2Fcategories&post=31600"},{"taxonomy":"post_tag","embeddable":true,"href":"https:\/\/www.semanariolocal.cl\/index.php?rest_route=%2Fwp%2Fv2%2Ftags&post=31600"}],"curies":[{"name":"wp","href":"https:\/\/api.w.org\/{rel}","templated":true}]}}