{"id":31566,"date":"2025-10-16T09:00:00","date_gmt":"2025-10-16T12:00:00","guid":{"rendered":"https:\/\/www.semanariolocal.cl\/?p=31566"},"modified":"2025-10-17T11:09:55","modified_gmt":"2025-10-17T14:09:55","slug":"balance-2025-de-la-gestion-de-episodios-criticos-fue-presentado-al-comite-operativo","status":"publish","type":"post","link":"https:\/\/www.semanariolocal.cl\/?p=31566","title":{"rendered":"Balance 2025 de la Gesti\u00f3n de Episodios Cr\u00edticos fue presentado al Comit\u00e9 Operativo"},"content":{"rendered":"\n<p><strong><mark style=\"background-color:#abb8c3\" class=\"has-inline-color has-white-color\">16 de Octubre del 2025.- <\/mark><\/strong> En una reuni\u00f3n del Comit\u00e9 Operativo del Plan de Descontaminaci\u00f3n Atmosf\u00e9rica (PDA) de Osorno, se presentaron los resultados del periodo de Gesti\u00f3n de Episodios Cr\u00edticos (GEC) correspondiente al a\u00f1o 2025. Este periodo se extiende cada a\u00f1o entre el 1 de abril y el 30 de septiembre y tiene por objetivo reforzar las acciones de prevenci\u00f3n y control frente a episodios de contaminaci\u00f3n del aire en la comuna de Osorno.<\/p>\n\n\n\n<p>Los resultados entregados consideran informaci\u00f3n obtenida en la estaci\u00f3n de monitoreo Osorno para el periodo comprendido entre el 1 de abril y el 30 de septiembre. &nbsp;Durante el periodo GEC 2025, los episodios totales por material particulado fino (MP2.5) se mantuvieron respecto al mismo periodo del a\u00f1o anterior. La red de monitoreo de calidad del aire de Osorno oper\u00f3 de manera continua durante el periodo GEC 2025, asegurando la continuidad de los registros y el seguimiento de la calidad del aire. En la comuna, se constataron 22 alertas, 28 preemergencias y 7 emergencias ambientales, manteniendo el n\u00famero total de episodios en niveles similares a los de 2024. Se observ\u00f3 un aumento del 16% en las alertas y una disminuci\u00f3n del 30% en las emergencias, mientras que las preemergencias se mantuvieron sin variaci\u00f3n.<\/p>\n\n\n\n<p>En cuanto a las horas en episodio, se observ\u00f3 que durante 2025 el n\u00famero de horas en alerta disminuy\u00f3 en un 6%, aunque aument\u00f3 el n\u00famero de alertas ambientales, lo que sugiere que estos episodios fueron menos extensos. Las horas en preemergencia aumentaron en un 9%, pese a mantenerse la misma cantidad de eventos, mientras que las horas en emergencia ambiental disminuyeron en un 23%, coherente con la reducci\u00f3n de un 30% en el n\u00famero de emergencias respecto de 2024.<\/p>\n\n\n\n<p>Asimismo, se evidenci\u00f3 un aumento en las concentraciones de MP2.5, tanto en el n\u00famero de episodios como en los promedios mensuales, especialmente en el mes de junio de 2025. Este comportamiento podr\u00eda estar relacionado con las bajas temperaturas registradas durante dicho mes, que fueron las m\u00e1s bajas del periodo GEC y tambi\u00e9n inferiores a las observadas en junio de 2024. Estas condiciones meteorol\u00f3gicas, sumadas al d\u00e9ficit de precipitaciones, favorecieron el uso intensivo de calefacci\u00f3n a le\u00f1a, contribuyendo al aumento de los niveles de contaminaci\u00f3n.<\/p>\n\n\n\n<p>En relaci\u00f3n con el material particulado grueso (MP10), durante el periodo 2025 se constat\u00f3 una disminuci\u00f3n del 36% en el n\u00famero total de episodios respecto al a\u00f1o anterior, con una reducci\u00f3n del 67% en los episodios de preemergencia ambiental. El mayor episodio registrado en 2025 alcanz\u00f3 una concentraci\u00f3n de 354 \u00b5g\/m\u00b3N el 2 de julio, siendo un 9% inferior al mayor episodio observado en 2024. Asimismo, se observ\u00f3 una disminuci\u00f3n en la duraci\u00f3n de los episodios en sus tres categor\u00edas, destacando que la emergencia ambiental tuvo una duraci\u00f3n de 11 horas, la mitad de lo registrado en 2023. Los episodios del a\u00f1o 2025 se concentraron principalmente en los meses de junio y julio, observ\u00e1ndose un aumento del 102% en el promedio de concentraciones durante junio.<\/p>\n\n\n\n<p>Pamela Henr\u00edquez, Profesional de \u00c1rea de Calidad del Aire de la Seremi del Medio Ambiente, indic\u00f3 que un dato relevante son las horas de exposici\u00f3n a la contaminaci\u00f3n, \u201ca diferencia de cuando se empez\u00f3 la implementaci\u00f3n del plan, donde ten\u00edamos casi un 50% de horas en condici\u00f3n buena, ahora estamos en un 77% en condici\u00f3n buena. Entonces, es un \u00edndice s\u00faper importante. Respecto al a\u00f1o pasado, el 2024, disminuy\u00f3 la cantidad de episodios en peor condici\u00f3n, tuvimos siete emergencias constatadas\u201d.<\/p>\n\n\n\n<p>Por parte de la Superintendencia, la Jefa de la Oficina Regional, Ivonne mansilla, destac\u00f3 el cumplimiento del sector industrial y comercial, \u201cya es el noveno a\u00f1o que llevamos haciendo actividades de fiscalizaci\u00f3n en el plan de descontaminaci\u00f3n de Osorno, este a\u00f1o hicimos 30 actividades de fiscalizaci\u00f3n, las que se van sumando a\u00f1o a a\u00f1o, en total ya llevamos cerca de 468 actividades en total en estos 9 a\u00f1os de plan. Lo bueno es que de todas las actividades que realizamos este a\u00f1o, ninguna ten\u00eda incumplimiento, este a\u00f1o particularmente no hemos tenido ning\u00fan incumplimiento, es una buena noticia, porque da cuenta que lo que de alguna manera del trabajo con el sector industrial principalmente, con el comercio, que saben de las medidas y que est\u00e1n cumpliendo\u201d.&nbsp;<\/p>\n\n\n\n<p>En la instancia, Andrea Bracho, jefa (S) de la oficina de Osorno de la Seremi de Salud, destac\u00f3 una reducci\u00f3n en estos eventos durante el \u00faltimo periodo, as\u00ed como un mayor compromiso de la comunidad en el uso de le\u00f1a seca y el cumplimiento de las medidas preventivas. \u00abHemos visto una disminuci\u00f3n en los episodios cr\u00edticos de contaminaci\u00f3n este a\u00f1o, lo que se debe tanto a las condiciones clim\u00e1ticas como al compromiso de la comunidad. Cada vez m\u00e1s personas utilizan le\u00f1a seca y est\u00e1n informadas sobre las alertas ambientales, lo que demuestra un cambio positivo en el comportamiento. En el an\u00e1lisis realizado en la mesa de trabajo, un 80% de las fiscalizaciones correspondi\u00f3 a domicilios particulares. Sin embargo, a\u00fan existen personas que no identifican el peligro de la contaminaci\u00f3n ni lo asocian directamente con su salud.<br><br>Por eso, desde la Seremi de Salud mantenemos las fiscalizaciones con un fuerte enfoque educativo, buscando que la ciudadan\u00eda comprenda que la contaminaci\u00f3n del aire afecta directamente la salud. Nuestro objetivo es seguir fortaleciendo la prevenci\u00f3n y el autocuidado para proteger a toda la poblaci\u00f3n.\u201d <\/p>\n","protected":false},"excerpt":{"rendered":"<p>Los resultados entregados consideran informaci\u00f3n obtenida en la estaci\u00f3n de monitoreo Osorno para el periodo comprendido entre el 1 de abril y el 30 de septiembre. \u00a0<\/p>\n","protected":false},"author":1,"featured_media":31567,"comment_status":"closed","ping_status":"closed","sticky":false,"template":"","format":"standard","meta":{"footnotes":""},"categories":[3,3690,4353,2484],"tags":[2118,337,273,247,133],"class_list":["post-31566","post","type-post","status-publish","format-standard","has-post-thumbnail","hentry","category-al-dia","category-medio-ambiente","category-osorno","category-salud","tag-semanariolocal","tag-informacion","tag-noticias","tag-region-de-los-lagos","tag-semanario-local"],"_links":{"self":[{"href":"https:\/\/www.semanariolocal.cl\/index.php?rest_route=\/wp\/v2\/posts\/31566","targetHints":{"allow":["GET"]}}],"collection":[{"href":"https:\/\/www.semanariolocal.cl\/index.php?rest_route=\/wp\/v2\/posts"}],"about":[{"href":"https:\/\/www.semanariolocal.cl\/index.php?rest_route=\/wp\/v2\/types\/post"}],"author":[{"embeddable":true,"href":"https:\/\/www.semanariolocal.cl\/index.php?rest_route=\/wp\/v2\/users\/1"}],"replies":[{"embeddable":true,"href":"https:\/\/www.semanariolocal.cl\/index.php?rest_route=%2Fwp%2Fv2%2Fcomments&post=31566"}],"version-history":[{"count":1,"href":"https:\/\/www.semanariolocal.cl\/index.php?rest_route=\/wp\/v2\/posts\/31566\/revisions"}],"predecessor-version":[{"id":31568,"href":"https:\/\/www.semanariolocal.cl\/index.php?rest_route=\/wp\/v2\/posts\/31566\/revisions\/31568"}],"wp:featuredmedia":[{"embeddable":true,"href":"https:\/\/www.semanariolocal.cl\/index.php?rest_route=\/wp\/v2\/media\/31567"}],"wp:attachment":[{"href":"https:\/\/www.semanariolocal.cl\/index.php?rest_route=%2Fwp%2Fv2%2Fmedia&parent=31566"}],"wp:term":[{"taxonomy":"category","embeddable":true,"href":"https:\/\/www.semanariolocal.cl\/index.php?rest_route=%2Fwp%2Fv2%2Fcategories&post=31566"},{"taxonomy":"post_tag","embeddable":true,"href":"https:\/\/www.semanariolocal.cl\/index.php?rest_route=%2Fwp%2Fv2%2Ftags&post=31566"}],"curies":[{"name":"wp","href":"https:\/\/api.w.org\/{rel}","templated":true}]}}