{"id":31517,"date":"2025-10-14T11:30:00","date_gmt":"2025-10-14T14:30:00","guid":{"rendered":"https:\/\/www.semanariolocal.cl\/?p=31517"},"modified":"2025-10-14T23:16:54","modified_gmt":"2025-10-15T02:16:54","slug":"investigadores-del-inia-participan-en-conferencia-internacional-sobre-efecto-invernadero","status":"publish","type":"post","link":"https:\/\/www.semanariolocal.cl\/?p=31517","title":{"rendered":"Investigadores del INIA participan en conferencia internacional sobre efecto invernadero"},"content":{"rendered":"\n<p><strong><mark style=\"background-color:#abb8c3\" class=\"has-inline-color has-white-color\">14 de octubre del 2025.- <\/mark><\/strong>Investigadores del Instituto de Investigaciones Agropecuarias (INIA) de Chile participaron activamente en la 9\u00aa Conferencia Internacional sobre Gases de Efecto Invernadero y Agricultura Animal, evento realizado en Nairobi, Kenia, del 5 al 9 de octubre de 2025, organizada por el Instituto Internacional de Investigaci\u00f3n Ganadera (ILRI) y el Instituto Noruego de Investigaci\u00f3n en Bioeconom\u00eda (NIBIO).<\/p>\n\n\n\n<p>La conferencia, reconocida internacionalmente por reunir a los principales cient\u00edficos del mundo dedicados al estudio y mitigaci\u00f3n de los gases de efecto invernadero (GEI) en el \u00e1mbito agropecuario, permiti\u00f3 a los representantes del INIA profundizar en investigaciones de vanguardia, intercambiar experiencias y conectar con especialistas de diversos pa\u00edses. Entre los temas abordados destacaron los avances en la mitigaci\u00f3n de GEI, t\u00e9cnicas innovadoras de medici\u00f3n, modelizaci\u00f3n avanzada de emisiones y pr\u00e1cticas agr\u00edcolas sustentables.<\/p>\n\n\n\n<p>Adem\u00e1s de la presentaci\u00f3n de nuevas investigaciones, los asistentes participaron en debates sobre el impacto de la agricultura en las emisiones de GEI, as\u00ed como en sesiones dedicadas a pol\u00edticas p\u00fablicas que buscan reducir el impacto ambiental de la actividad agropecuaria. Se compartieron los \u00faltimos descubrimientos cient\u00edficos y se discutieron estrategias para enfrentar los desaf\u00edos clim\u00e1ticos actuales y futuros.<\/p>\n\n\n\n<p>La delegaci\u00f3n chilena estuvo conformada por los investigadores Camila Mu\u00f1oz e Ignacio Beltr\u00e1n del INIA Remehue, y el investigador Emilio Ungerfeld de INIA Carillanca, quienes destacaron por su contribuci\u00f3n a las discusiones y el intercambio de conocimientos sobre t\u00e9cnicas de mitigaci\u00f3n y modelizaci\u00f3n avanzada de GEI en sistemas agr\u00edcolas y ganaderos.<\/p>\n\n\n\n<p>La doctora Camila Mu\u00f1oz, present\u00f3 su trabajo cobre los efectos de la composici\u00f3n de las semillas de algod\u00f3n y del ensilaje sobre las emisiones de metano y la producci\u00f3n de leche de las vacas lecheras, moder\u00f3 el panel: Avance de la nutrici\u00f3n animal para un sistema ganadero de bajas emisiones y present\u00f3 un poster sobre la comparaci\u00f3n del uso de alfalfa y ballica sobre las emisiones de metano y excreciones de nitr\u00f3geno en vacas lecheras.<\/p>\n\n\n\n<p>El doctor Beltr\u00e1n, en tanto, expuso sobre el desarrollo de factores de emisi\u00f3n para amoniaco y \u00f3xido nitroso en orina y heces de vacas lecheras a pastoreo. \u201cEsto en el marco del mejoramiento de nuestro inventario nacional de gases de efecto invernadero, para mejorar la precisi\u00f3n en la estimaci\u00f3n\u201d, explic\u00f3.<\/p>\n\n\n\n<p>Finalmente, Emilio Ungerfeld present\u00f3 un p\u00f3ster en el panel de&nbsp;Microbiota ruminal para la mitigaci\u00f3n sostenible del metano y la eficiencia ganadera.<\/p>\n\n\n\n<p>Christian Alfaro, subdirector nacional de I+D+i de INIA, dijo que \u201cla participaci\u00f3n del INIA en esta conferencia internacional reafirma el compromiso institucional con la investigaci\u00f3n de alto nivel y la colaboraci\u00f3n internacional para enfrentar los desaf\u00edos que presenta el cambio clim\u00e1tico en el sector agropecuario\u201d.<\/p>\n\n\n\n<p>A\u00f1adi\u00f3 que \u201clos resultados y aprendizajes obtenidos en el evento contribuir\u00e1n al desarrollo de pr\u00e1cticas m\u00e1s sustentables y eficientes en la agricultura nacional, sumando a los esfuerzos globales por reducir las emisiones de gases de efecto invernadero\u201d.<\/p>\n","protected":false},"excerpt":{"rendered":"<p>La 9\u00aa Conferencia Internacional sobre Gases de Efecto Invernadero y Agricultura Animal, se realiz\u00f3 en Nairobi, Kenia, entre el 5 y el 9 de octubre de 2025.<\/p>\n","protected":false},"author":1,"featured_media":31518,"comment_status":"closed","ping_status":"closed","sticky":false,"template":"","format":"standard","meta":{"footnotes":""},"categories":[3302,20,3,2540,2541],"tags":[2118,337,557,2379,558,273,247,133],"class_list":["post-31517","post","type-post","status-publish","format-standard","has-post-thumbnail","hentry","category-academia","category-agro","category-al-dia","category-ciencia","category-investigacion","tag-semanariolocal","tag-informacion","tag-inia","tag-inia-chile","tag-inia-remehue","tag-noticias","tag-region-de-los-lagos","tag-semanario-local"],"_links":{"self":[{"href":"https:\/\/www.semanariolocal.cl\/index.php?rest_route=\/wp\/v2\/posts\/31517","targetHints":{"allow":["GET"]}}],"collection":[{"href":"https:\/\/www.semanariolocal.cl\/index.php?rest_route=\/wp\/v2\/posts"}],"about":[{"href":"https:\/\/www.semanariolocal.cl\/index.php?rest_route=\/wp\/v2\/types\/post"}],"author":[{"embeddable":true,"href":"https:\/\/www.semanariolocal.cl\/index.php?rest_route=\/wp\/v2\/users\/1"}],"replies":[{"embeddable":true,"href":"https:\/\/www.semanariolocal.cl\/index.php?rest_route=%2Fwp%2Fv2%2Fcomments&post=31517"}],"version-history":[{"count":1,"href":"https:\/\/www.semanariolocal.cl\/index.php?rest_route=\/wp\/v2\/posts\/31517\/revisions"}],"predecessor-version":[{"id":31519,"href":"https:\/\/www.semanariolocal.cl\/index.php?rest_route=\/wp\/v2\/posts\/31517\/revisions\/31519"}],"wp:featuredmedia":[{"embeddable":true,"href":"https:\/\/www.semanariolocal.cl\/index.php?rest_route=\/wp\/v2\/media\/31518"}],"wp:attachment":[{"href":"https:\/\/www.semanariolocal.cl\/index.php?rest_route=%2Fwp%2Fv2%2Fmedia&parent=31517"}],"wp:term":[{"taxonomy":"category","embeddable":true,"href":"https:\/\/www.semanariolocal.cl\/index.php?rest_route=%2Fwp%2Fv2%2Fcategories&post=31517"},{"taxonomy":"post_tag","embeddable":true,"href":"https:\/\/www.semanariolocal.cl\/index.php?rest_route=%2Fwp%2Fv2%2Ftags&post=31517"}],"curies":[{"name":"wp","href":"https:\/\/api.w.org\/{rel}","templated":true}]}}