{"id":3147,"date":"2021-11-22T07:45:00","date_gmt":"2021-11-22T10:45:00","guid":{"rendered":"https:\/\/www.semanariolocal.cl\/?p=3147"},"modified":"2021-11-22T23:38:10","modified_gmt":"2021-11-23T02:38:10","slug":"el-festival-de-cine-ejate-de-calbuco-presenta-la-programacion-de-su-edicion-2021","status":"publish","type":"post","link":"https:\/\/www.semanariolocal.cl\/?p=3147","title":{"rendered":"El Festival de Cine \u00c9jate de Calbuco presenta la programaci\u00f3n de su edici\u00f3n 2021"},"content":{"rendered":"\n<p>En el d\u00eda de hoy se present\u00f3 la programaci\u00f3n de la Segunda Versi\u00f3n del Festival de Cine Escolar \u00c9jate Calbuco, que se llevar\u00e1 a cabo del 22 al 26 de noviembre. En esta oportunidad, los organizadores del evento apuntan realizar exhibiciones en lugares m\u00e1s apartados de la localidad tales como Huito, Pargua, Chayahu\u00e9, entre otros. Esto con la finalidad promover, difundir la cinematograf\u00eda y que nadie pierda este magn\u00edfico evento.<\/p>\n\n\n\n<p>El coordinador del Festival de Cine Escolar \u201c\u00c9jate 2021\u201d Gabriel Montiel explic\u00f3 que la muestra comienza el d\u00eda 22 de noviembre, con una muestra en la plaza c\u00e9ntrica de la cuidad de Calbuco y seguiremos por cuatro poblaciones de la misma cuidad haciendo cine barrial.<\/p>\n\n\n\n<p>Adem\u00e1s, manifest\u00f3 que \u201cDurante las ma\u00f1anas se ir\u00e1n a cinco escuelas rurales porque tambi\u00e9n sentimos que es necesario llegar a estos lugares que tiene Calbuco\u201d. &nbsp;Aprovech\u00f3 la oportunidad de invitar a todos los calbucanos a ser parte de las exhibiciones y la aprovechar la posibilidad de disfrutar en familia.<\/p>\n\n\n\n<p>Para este lunes 22 de noviembre, se realizar\u00e1 la exhibici\u00f3n de un documento llamado \u201cEl sol es la \u00fanica semilla\u201d de Esteban Santana \/2021 \/ Regi\u00f3n de los Lagos. Adem\u00e1s, de cortometraje en competencia del Festival, la cual se llevar\u00e1 a cabo en la Plazuela de la Plaza Chile a las 19:00 horas.<\/p>\n\n\n\n<figure class=\"wp-block-image size-large\"><img loading=\"lazy\" decoding=\"async\" width=\"1000\" height=\"563\" src=\"https:\/\/www.semanariolocal.cl\/wp-content\/uploads\/2021\/11\/Programa-1000x563.jpg\" alt=\"\" class=\"wp-image-3148\" srcset=\"https:\/\/www.semanariolocal.cl\/wp-content\/uploads\/2021\/11\/Programa-1000x563.jpg 1000w, https:\/\/www.semanariolocal.cl\/wp-content\/uploads\/2021\/11\/Programa-300x169.jpg 300w, https:\/\/www.semanariolocal.cl\/wp-content\/uploads\/2021\/11\/Programa-768x432.jpg 768w, https:\/\/www.semanariolocal.cl\/wp-content\/uploads\/2021\/11\/Programa-1536x864.jpg 1536w, https:\/\/www.semanariolocal.cl\/wp-content\/uploads\/2021\/11\/Programa-1200x675.jpg 1200w, https:\/\/www.semanariolocal.cl\/wp-content\/uploads\/2021\/11\/Programa.jpg 1920w\" sizes=\"auto, (max-width: 1000px) 100vw, 1000px\" \/><\/figure>\n","protected":false},"excerpt":{"rendered":"<p>Del 22 al 26 de noviembre se presentan totalmente gratuita pel\u00edculas, documentales y cortometrajes<\/p>\n","protected":false},"author":1,"featured_media":3149,"comment_status":"closed","ping_status":"closed","sticky":false,"template":"","format":"standard","meta":{"footnotes":""},"categories":[10],"tags":[],"class_list":["post-3147","post","type-post","status-publish","format-standard","has-post-thumbnail","hentry","category-cultura"],"_links":{"self":[{"href":"https:\/\/www.semanariolocal.cl\/index.php?rest_route=\/wp\/v2\/posts\/3147","targetHints":{"allow":["GET"]}}],"collection":[{"href":"https:\/\/www.semanariolocal.cl\/index.php?rest_route=\/wp\/v2\/posts"}],"about":[{"href":"https:\/\/www.semanariolocal.cl\/index.php?rest_route=\/wp\/v2\/types\/post"}],"author":[{"embeddable":true,"href":"https:\/\/www.semanariolocal.cl\/index.php?rest_route=\/wp\/v2\/users\/1"}],"replies":[{"embeddable":true,"href":"https:\/\/www.semanariolocal.cl\/index.php?rest_route=%2Fwp%2Fv2%2Fcomments&post=3147"}],"version-history":[{"count":1,"href":"https:\/\/www.semanariolocal.cl\/index.php?rest_route=\/wp\/v2\/posts\/3147\/revisions"}],"predecessor-version":[{"id":3150,"href":"https:\/\/www.semanariolocal.cl\/index.php?rest_route=\/wp\/v2\/posts\/3147\/revisions\/3150"}],"wp:featuredmedia":[{"embeddable":true,"href":"https:\/\/www.semanariolocal.cl\/index.php?rest_route=\/wp\/v2\/media\/3149"}],"wp:attachment":[{"href":"https:\/\/www.semanariolocal.cl\/index.php?rest_route=%2Fwp%2Fv2%2Fmedia&parent=3147"}],"wp:term":[{"taxonomy":"category","embeddable":true,"href":"https:\/\/www.semanariolocal.cl\/index.php?rest_route=%2Fwp%2Fv2%2Fcategories&post=3147"},{"taxonomy":"post_tag","embeddable":true,"href":"https:\/\/www.semanariolocal.cl\/index.php?rest_route=%2Fwp%2Fv2%2Ftags&post=3147"}],"curies":[{"name":"wp","href":"https:\/\/api.w.org\/{rel}","templated":true}]}}