{"id":31441,"date":"2025-10-10T08:00:00","date_gmt":"2025-10-10T11:00:00","guid":{"rendered":"https:\/\/www.semanariolocal.cl\/?p=31441"},"modified":"2025-10-10T21:49:43","modified_gmt":"2025-10-11T00:49:43","slug":"santo-tomas-osorno-titulo-a-cerca-de-300-nuevos-profesionales","status":"publish","type":"post","link":"https:\/\/www.semanariolocal.cl\/?p=31441","title":{"rendered":"Santo Tom\u00e1s Osorno titul\u00f3 a cerca de 300 nuevos profesionales\u00a0"},"content":{"rendered":"\n<p><strong><mark style=\"background-color:#abb8c3\" class=\"has-inline-color has-white-color\">10 de Octubre del 2025.-<\/mark><\/strong> En el Hotel Sonesta se realiz\u00f3 la ceremonia de titulaciones correspondientes a la Universidad, Instituto Profesional y Centro de Formaci\u00f3n T\u00e9cnica, donde cerca de 300 nuevos egresados y egresadas recibieron sus t\u00edtulos profesionales y t\u00e9cnicos &#8211; profesionales, sum\u00e1ndose desde ya al \u00e1mbito laboral de la regi\u00f3n y el pa\u00eds, preparados para asumir desaf\u00edos y un liderazgo transformador de impacto en diversos contextos y espacios desde el conocimiento y expertise entregado en aula durante sus a\u00f1os de estudio acad\u00e9mico.<\/p>\n\n\n\n<p>La ceremonia estuvo encabezada por el Rector de las Instituciones Santo Tom\u00e1s Osorno, Eugenio Larra\u00edn Hern\u00e1ndez, Directores Acad\u00e9micos, Directores y jefes de carrera, adem\u00e1s de la presencia y compa\u00f1\u00eda de familiares y amigos de los titulados y tituladas que, con orgullo y emoci\u00f3n, fueron testigos del cierre de una gran etapa.<\/p>\n\n\n\n<p>En la oportunidad, el Rector de la casa de estudios superiores destac\u00f3 el compromiso y esfuerzo de las y los titulados durante el periodo acad\u00e9mico, m\u00e9rito que les permiti\u00f3 llegar a culminar con \u00e9xito esta etapa y recibir finalmente el t\u00edtulo profesional.<\/p>\n\n\n\n<p>\u201cEste hito cierra el ciclo acad\u00e9mico de pregrado, pero tambi\u00e9n abre la puerta a nuevos desaf\u00edos personales y profesionales. Estamos convencidos de que cada uno de ustedes cuenta con herramientas s\u00f3lidas: una formaci\u00f3n de calidad, experiencias significativas y, sobre todo, una profunda riqueza humana que los acompa\u00f1ar\u00e1 en cada decisi\u00f3n futura. Sabemos que proyectar el futuro desde el presente puede ser complejo, pues vivimos tiempos cambiantes, donde la incertidumbre es muchas veces compa\u00f1era de ruta. Pero all\u00ed donde la duda se instala, tambi\u00e9n florece la posibilidad de crear, de innovar y de transformar. Si logran entrelazar el conocimiento adquirido con las vivencias personales y la vocaci\u00f3n que los trajo hasta aqu\u00ed, podr\u00e1n dar respuestas valientes y asertivas a los desaf\u00edos que se presenten. Ustedes hoy se integran a una comunidad de egresados que, desde sus distintas disciplinas, est\u00e1n construyendo un mejor pa\u00eds. No duden en ser protagonistas del cambio, atr\u00e9vanse a liderar, a proponer, a transformar\u201d, expres\u00f3 la m\u00e1xima autoridad de la casa de estudios superiores.<\/p>\n\n\n\n<p>En esta oportunidad, las y los egresados que recibieron su t\u00edtulo profesional fueron las carreras de Enfermer\u00eda, Psicolog\u00eda, Fonoaudiolog\u00eda, Kinesiolog\u00eda, Tecnolog\u00eda M\u00e9dica, Terapia Ocupacional, y del Programa de Continuidad de Estudios, Ingenier\u00eda Civil Industrial y Agronom\u00eda, todas ellas pertenecientes a la Universidad, en tanto, el Instituto Profesional titul\u00f3 a profesionales de las carreras de Psicopedagog\u00eda, Servicio Social, Construcci\u00f3n Civil, Contador Auditor e Ingenier\u00eda en Administraci\u00f3n de Empresas.<\/p>\n\n\n\n<p>Por otra parte, y del Centro de Formaci\u00f3n T\u00e9cnica, se titularon de las carreras de Preparador F\u00edsico, T\u00e9cnico en Administraci\u00f3n, T\u00e9cnico en Construcciones Civiles, T\u00e9cnico en Enfermer\u00eda, T\u00e9cnico en Laboratorio Cl\u00ednico, Banco de Sangre e Imagenolog\u00eda, T\u00e9cnico en Odontolog\u00eda menci\u00f3n Higienista Dental, T\u00e9cnico en Podolog\u00eda Cl\u00ednica, T\u00e9cnico en Veterinaria y Producci\u00f3n Pecuaria y Topograf\u00eda.<\/p>\n\n\n\n<p>En la ocasi\u00f3n, las Instituciones Santo Tom\u00e1s Osorno hicieron entrega de un reconocimiento a las y los egresados con el \u201cMejor Promedio\u201d durante el periodo acad\u00e9mico, y tambi\u00e9n se destac\u00f3 a aquellos egresados que durante sus a\u00f1os de estudios representaron fielmente los valores institucionales, distinci\u00f3n conocida como el \u201cEsp\u00edritu Tomista\u201d.<\/p>\n","protected":false},"excerpt":{"rendered":"<p>Una nueva generaci\u00f3n de egresados y egresadas se suman hoy al \u00e1mbito laboral, esto luego de que la Universidad, Instituto Profesional y Centro de Formaci\u00f3n T\u00e9cnica hicieran entrega de los respectivos t\u00edtulos correspondientes a 20 carreras y 2 Planes de Continuidad de Estudios impartidas por la sede Osorno.<\/p>\n","protected":false},"author":1,"featured_media":31442,"comment_status":"closed","ping_status":"closed","sticky":false,"template":"","format":"standard","meta":{"footnotes":""},"categories":[3,11,4353,4395],"tags":[2118,337,273,132,247,2359,133],"class_list":["post-31441","post","type-post","status-publish","format-standard","has-post-thumbnail","hentry","category-al-dia","category-educacion","category-osorno","category-sociedad","tag-semanariolocal","tag-informacion","tag-noticias","tag-osorno","tag-region-de-los-lagos","tag-santo-tomas-osorno","tag-semanario-local"],"_links":{"self":[{"href":"https:\/\/www.semanariolocal.cl\/index.php?rest_route=\/wp\/v2\/posts\/31441","targetHints":{"allow":["GET"]}}],"collection":[{"href":"https:\/\/www.semanariolocal.cl\/index.php?rest_route=\/wp\/v2\/posts"}],"about":[{"href":"https:\/\/www.semanariolocal.cl\/index.php?rest_route=\/wp\/v2\/types\/post"}],"author":[{"embeddable":true,"href":"https:\/\/www.semanariolocal.cl\/index.php?rest_route=\/wp\/v2\/users\/1"}],"replies":[{"embeddable":true,"href":"https:\/\/www.semanariolocal.cl\/index.php?rest_route=%2Fwp%2Fv2%2Fcomments&post=31441"}],"version-history":[{"count":1,"href":"https:\/\/www.semanariolocal.cl\/index.php?rest_route=\/wp\/v2\/posts\/31441\/revisions"}],"predecessor-version":[{"id":31443,"href":"https:\/\/www.semanariolocal.cl\/index.php?rest_route=\/wp\/v2\/posts\/31441\/revisions\/31443"}],"wp:featuredmedia":[{"embeddable":true,"href":"https:\/\/www.semanariolocal.cl\/index.php?rest_route=\/wp\/v2\/media\/31442"}],"wp:attachment":[{"href":"https:\/\/www.semanariolocal.cl\/index.php?rest_route=%2Fwp%2Fv2%2Fmedia&parent=31441"}],"wp:term":[{"taxonomy":"category","embeddable":true,"href":"https:\/\/www.semanariolocal.cl\/index.php?rest_route=%2Fwp%2Fv2%2Fcategories&post=31441"},{"taxonomy":"post_tag","embeddable":true,"href":"https:\/\/www.semanariolocal.cl\/index.php?rest_route=%2Fwp%2Fv2%2Ftags&post=31441"}],"curies":[{"name":"wp","href":"https:\/\/api.w.org\/{rel}","templated":true}]}}