{"id":31180,"date":"2025-09-28T10:02:46","date_gmt":"2025-09-28T13:02:46","guid":{"rendered":"https:\/\/www.semanariolocal.cl\/?p=31180"},"modified":"2025-09-29T23:44:18","modified_gmt":"2025-09-30T02:44:18","slug":"personas-sordas-avances-desafios-y-barreras-en-chile","status":"publish","type":"post","link":"https:\/\/www.semanariolocal.cl\/?p=31180","title":{"rendered":"Personas sordas: avances, desaf\u00edos y barreras en Chile"},"content":{"rendered":"\n<p><strong><mark style=\"background-color:#abb8c3\" class=\"has-inline-color has-white-color\">28 de Septiembre del 2025.-<\/mark><\/strong> De ellas, cerca de 30 mil utilizan la Lengua de Se\u00f1as Chilena (LSCh) como principal medio de comunicaci\u00f3n. Sin embargo, a\u00fan enfrentan barreras significativas en el acceso a servicios b\u00e1sicos, educaci\u00f3n, salud y participaci\u00f3n ciudadana.<\/p>\n\n\n\n<p>Recientemente se conmemor\u00f3 el D\u00eda Mundial de las Personas Sordas (28 septiembre), fecha que nos invita a reflexionar sobre un aspecto esencial de la inclusi\u00f3n: la comunicaci\u00f3n. Acciones cotidianas como pedir una hora m\u00e9dica, asistir a clases, ver las noticias o participar en una reuni\u00f3n pueden convertirse en verdaderos desaf\u00edos cuando el entorno no est\u00e1 preparado para recibir la diversidad ling\u00fc\u00edstica.<\/p>\n\n\n\n<p>Chile ha dado pasos importantes. La promulgaci\u00f3n de la Ley N\u00ba 21.303 en 2021 reconoci\u00f3 oficialmente la LSCh como lengua natural y patrimonio intangible de la comunidad sorda. Tambi\u00e9n se ha avanzado en la presencia de int\u00e9rpretes en mensajes presidenciales y algunos medios de comunicaci\u00f3n, as\u00ed como en el uso de subt\u00edtulos y tecnolog\u00edas de apoyo. Sin embargo, estos avances a\u00fan no se traducen en una inclusi\u00f3n plena.<br>Los desaf\u00edos en pol\u00edticas p\u00fablicas son claros: se necesita fortalecer la presencia de int\u00e9rpretes en \u00e1reas clave como salud, justicia y educaci\u00f3n; garantizar la educaci\u00f3n biling\u00fce con LSCh como primera lengua; y promover la formaci\u00f3n de profesionales sordos como docentes. <\/p>\n\n\n\n<p>Adem\u00e1s, es fundamental que las instituciones p\u00fablicas y privadas adopten protocolos inclusivos que aseguren el acceso equitativo a la informaci\u00f3n.<\/p>\n\n\n\n<p><br>La inclusi\u00f3n no depende solo de leyes o dispositivos tecnol\u00f3gicos. Tambi\u00e9n requiere voluntad social. Aprender un saludo en lengua de se\u00f1as, exigir subt\u00edtulos en contenidos audiovisuales o asegurar int\u00e9rpretes en espacios p\u00fablicos son gestos que construyen igualdad.<\/p>\n\n\n\n<p>La sordera no define a una persona, pero s\u00ed interpela a la sociedad. Nos desaf\u00eda a reconocer que la comunicaci\u00f3n es un derecho y que la diversidad ling\u00fc\u00edstica nos enriquece como pa\u00eds.<\/p>\n\n\n\n<p><strong>Mat\u00edas Rubio<\/strong> &#8211; <strong>Acad\u00e9mico Fonoaudiolog\u00eda &#8211;  U. Andr\u00e9s Bello, sede Concepci\u00f3n<\/strong><\/p>\n","protected":false},"excerpt":{"rendered":"<p>Seg\u00fan el II Estudio Nacional de la Discapacidad (ENDISC II), m\u00e1s de 200 mil personas en Chile presentan alg\u00fan grado de discapacidad auditiva. <\/p>\n","protected":false},"author":1,"featured_media":31181,"comment_status":"closed","ping_status":"closed","sticky":false,"template":"","format":"standard","meta":{"footnotes":""},"categories":[3,4161,7,2484],"tags":[2118,337,4675,273,247,56,133,1822],"class_list":["post-31180","post","type-post","status-publish","format-standard","has-post-thumbnail","hentry","category-al-dia","category-familia","category-opinion","category-salud","tag-semanariolocal","tag-informacion","tag-matias-rubio","tag-noticias","tag-region-de-los-lagos","tag-salud","tag-semanario-local","tag-universidad-andres-bello"],"_links":{"self":[{"href":"https:\/\/www.semanariolocal.cl\/index.php?rest_route=\/wp\/v2\/posts\/31180","targetHints":{"allow":["GET"]}}],"collection":[{"href":"https:\/\/www.semanariolocal.cl\/index.php?rest_route=\/wp\/v2\/posts"}],"about":[{"href":"https:\/\/www.semanariolocal.cl\/index.php?rest_route=\/wp\/v2\/types\/post"}],"author":[{"embeddable":true,"href":"https:\/\/www.semanariolocal.cl\/index.php?rest_route=\/wp\/v2\/users\/1"}],"replies":[{"embeddable":true,"href":"https:\/\/www.semanariolocal.cl\/index.php?rest_route=%2Fwp%2Fv2%2Fcomments&post=31180"}],"version-history":[{"count":1,"href":"https:\/\/www.semanariolocal.cl\/index.php?rest_route=\/wp\/v2\/posts\/31180\/revisions"}],"predecessor-version":[{"id":31182,"href":"https:\/\/www.semanariolocal.cl\/index.php?rest_route=\/wp\/v2\/posts\/31180\/revisions\/31182"}],"wp:featuredmedia":[{"embeddable":true,"href":"https:\/\/www.semanariolocal.cl\/index.php?rest_route=\/wp\/v2\/media\/31181"}],"wp:attachment":[{"href":"https:\/\/www.semanariolocal.cl\/index.php?rest_route=%2Fwp%2Fv2%2Fmedia&parent=31180"}],"wp:term":[{"taxonomy":"category","embeddable":true,"href":"https:\/\/www.semanariolocal.cl\/index.php?rest_route=%2Fwp%2Fv2%2Fcategories&post=31180"},{"taxonomy":"post_tag","embeddable":true,"href":"https:\/\/www.semanariolocal.cl\/index.php?rest_route=%2Fwp%2Fv2%2Ftags&post=31180"}],"curies":[{"name":"wp","href":"https:\/\/api.w.org\/{rel}","templated":true}]}}