{"id":31169,"date":"2025-09-24T09:35:00","date_gmt":"2025-09-24T12:35:00","guid":{"rendered":"https:\/\/www.semanariolocal.cl\/?p=31169"},"modified":"2025-09-25T00:38:44","modified_gmt":"2025-09-25T03:38:44","slug":"accesibilidad-y-deporte-el-legado-que-chile-debe-dejar-en-2025","status":"publish","type":"post","link":"https:\/\/www.semanariolocal.cl\/?p=31169","title":{"rendered":"Accesibilidad y deporte: el legado que Chile debe dejar en 2025"},"content":{"rendered":"\n<p><strong><mark style=\"background-color:#abb8c3\" class=\"has-inline-color has-white-color\">24 de Septiembre del 2025.-<\/mark><\/strong> Entre el 31 de octubre y el 9 de noviembre, nuestra ciudad recibir\u00e1 a m\u00e1s de 1.000 j\u00f3venes atletas de 20 pa\u00edses para vivir los Juegos Parapanamericanos Juveniles 2025. M\u00e1s que una cita deportiva, este es un momento para preguntarnos qu\u00e9 tan preparados estamos, como pa\u00eds, para garantizar que cada persona -sea atleta, miembro de una delegaci\u00f3n o espectador- pueda desplazarse de forma segura, c\u00f3moda y aut\u00f3noma.<\/p>\n\n\n\n<p>La accesibilidad universal no es un lujo, ni una tendencia sino m\u00e1s bien un derecho y, en contextos como este, un est\u00e1ndar que habla de nuestra capacidad de organizaci\u00f3n y de nuestro respeto por quienes nos visitan. Seg\u00fan la Organizaci\u00f3n Mundial de la Salud, m\u00e1s de mil millones de personas en el mundo viven con alg\u00fan tipo de discapacidad, y un 15% de ellas presenta limitaciones severas que condicionan su movilidad. En Chile, el Censo 2022 revel\u00f3 que m\u00e1s de 2,7 millones de personas tienen alguna discapacidad. No estamos hablando de minor\u00edas, sino de un grupo significativo de la poblaci\u00f3n mundial que necesita y merece entornos libres de barreras.<\/p>\n\n\n\n<p>Cuando pensamos en accesibilidad, muchas veces lo reducimos a rampas o puertas m\u00e1s anchas. Pero en un evento de estas dimensiones, la movilidad vertical es tan determinante como cualquier otra infraestructura. Un ascensor no es solo una tecnolog\u00eda que conecta pisos, es m\u00e1s bien un facilitador de experiencias, un puente que asegura que todos lleguemos al mismo lugar en igualdad de condiciones.<\/p>\n\n\n\n<p>Hoy, el transporte vertical moderno incorpora elementos que transforman esa experiencia con pulsadores amplios y de alto contraste con inscripciones en relieve y braille, que permiten una identificaci\u00f3n segura; sistemas de anuncios ac\u00fasticos con voz humana, que orientan de manera clara; espejos estrat\u00e9gicamente ubicados para maniobrar con confianza en silla de ruedas; pasamanos firmes para dar apoyo y nivelaci\u00f3n precisa de cabina para evitar desniveles peligrosos. Detalles que, sumados a un mantenimiento preventivo constante, convierten a los ascensores en verdaderos aliados de la inclusi\u00f3n y la seguridad. En Schindler, trabajamos cada d\u00eda para que estos est\u00e1ndares sean una realidad.<\/p>\n\n\n\n<p>Chile tiene en sus manos la oportunidad de demostrar que es posible organizar un megaevento sin barreras, donde la accesibilidad sea un valor visible y palpable. No se trata solo de cumplir con una norma, sino de enviar un mensaje: en este pa\u00eds, el deporte y la accesibilidad van de la mano.<\/p>\n\n\n\n<p>Si lo hacemos bien, el legado de los Parapanamericanos Juveniles 2025 no ser\u00e1n solo las medallas o los recuerdos, sino una infraestructura que seguir\u00e1 sirviendo a miles de personas, posicionando a Chile como un ejemplo internacional de c\u00f3mo la movilidad vertical puede estar, literalmente, en el centro de la experiencia inclusiva.<\/p>\n\n\n\n<p><em>Por Alfredo Morate,<\/em> <em>Gerente General Schindler Chile<\/em><\/p>\n","protected":false},"excerpt":{"rendered":"<p>En pocas semanas, Santiago se vestir\u00e1 de deporte, inclusi\u00f3n y diversidad. <\/p>\n","protected":false},"author":1,"featured_media":31170,"comment_status":"closed","ping_status":"closed","sticky":false,"template":"","format":"standard","meta":{"footnotes":""},"categories":[3,2434,3608,7],"tags":[2118,337,273,247,133],"class_list":["post-31169","post","type-post","status-publish","format-standard","has-post-thumbnail","hentry","category-al-dia","category-deporte","category-estado","category-opinion","tag-semanariolocal","tag-informacion","tag-noticias","tag-region-de-los-lagos","tag-semanario-local"],"_links":{"self":[{"href":"https:\/\/www.semanariolocal.cl\/index.php?rest_route=\/wp\/v2\/posts\/31169","targetHints":{"allow":["GET"]}}],"collection":[{"href":"https:\/\/www.semanariolocal.cl\/index.php?rest_route=\/wp\/v2\/posts"}],"about":[{"href":"https:\/\/www.semanariolocal.cl\/index.php?rest_route=\/wp\/v2\/types\/post"}],"author":[{"embeddable":true,"href":"https:\/\/www.semanariolocal.cl\/index.php?rest_route=\/wp\/v2\/users\/1"}],"replies":[{"embeddable":true,"href":"https:\/\/www.semanariolocal.cl\/index.php?rest_route=%2Fwp%2Fv2%2Fcomments&post=31169"}],"version-history":[{"count":1,"href":"https:\/\/www.semanariolocal.cl\/index.php?rest_route=\/wp\/v2\/posts\/31169\/revisions"}],"predecessor-version":[{"id":31171,"href":"https:\/\/www.semanariolocal.cl\/index.php?rest_route=\/wp\/v2\/posts\/31169\/revisions\/31171"}],"wp:featuredmedia":[{"embeddable":true,"href":"https:\/\/www.semanariolocal.cl\/index.php?rest_route=\/wp\/v2\/media\/31170"}],"wp:attachment":[{"href":"https:\/\/www.semanariolocal.cl\/index.php?rest_route=%2Fwp%2Fv2%2Fmedia&parent=31169"}],"wp:term":[{"taxonomy":"category","embeddable":true,"href":"https:\/\/www.semanariolocal.cl\/index.php?rest_route=%2Fwp%2Fv2%2Fcategories&post=31169"},{"taxonomy":"post_tag","embeddable":true,"href":"https:\/\/www.semanariolocal.cl\/index.php?rest_route=%2Fwp%2Fv2%2Ftags&post=31169"}],"curies":[{"name":"wp","href":"https:\/\/api.w.org\/{rel}","templated":true}]}}