{"id":3115,"date":"2021-11-19T00:12:00","date_gmt":"2021-11-19T03:12:00","guid":{"rendered":"https:\/\/www.semanariolocal.cl\/?p=3115"},"modified":"2021-11-20T00:19:21","modified_gmt":"2021-11-20T03:19:21","slug":"ulagos-inaugura-su-moderna-sede-en-castro-chiloe","status":"publish","type":"post","link":"https:\/\/www.semanariolocal.cl\/?p=3115","title":{"rendered":"ULagos inaugura su moderna sede en Castro, Chilo\u00e9"},"content":{"rendered":"\n<p style=\"font-size:17px\">Estando a\u00fan fresco el anuncio de la Comisi\u00f3n Nacional de Acreditaci\u00f3n (CNA) de otorgar 5 a\u00f1os de acreditaci\u00f3n a la Universidad de Los Lagos, incorporando adem\u00e1s un cuarto componente como es la investigaci\u00f3n, este jueves la instituci\u00f3n coron\u00f3 su trabajo y esfuerzo con la inauguraci\u00f3n de su nueva sede en la comuna de Castro, ante la presencia de autoridades nacionales y regionales. Ceremonia que cont\u00f3 con todas las medidas de seguridad sanitaria.<\/p>\n\n\n\n<p style=\"font-size:17px\">El rector \u00d3scar Garrido recibi\u00f3 en el nuevo edificio de calle Gamboa al&nbsp;<strong>Subsecretario de Educaci\u00f3n Superior, Juan Eduardo Vargas&nbsp;<\/strong>quien destac\u00f3 el trabajo de calidad realizado por la Universidad.<\/p>\n\n\n\n<p style=\"font-size:17px\">\u201c<em>Estamos extremadamente contentos por dos cosas: primero que una universidad p\u00fablica estatal est\u00e1 dando cabal cumplimiento a su misi\u00f3n, cual es impartir formaci\u00f3n de calidad, pertinente en todo su territorio. Hemos visto que la Universidad de Los Lagos desde hace varios a\u00f1os ha concentrado su quehacer en la regi\u00f3n. Debo resaltar que una universidad p\u00fablica de calidad como la ULagos que acaba de ser acreditada por 5 a\u00f1os y en 4 dimensiones representa una oportunidad para la zona, para la isla grande de Chilo\u00e9. Si es que un estudiante en el pasado tuvo que salir de la isla en busca de una mejor formaci\u00f3n y hoy lo puede hacer porque tiene una oferta de calidad en su isla nos llena de alegr\u00eda porque permite retener el talento regional<\/em>\u201d, indic\u00f3 el subsecretario.<\/p>\n\n\n\n<p style=\"font-size:17px\">HITO<\/p>\n\n\n\n<p style=\"font-size:17px\">Como un hito para la formaci\u00f3n profesional lo calific\u00f3 el&nbsp;<strong>rector \u00d3scar Garrido<\/strong>.&nbsp;<em>\u201cEsto marca un hito que tiene que ver con una universidad p\u00fablica que cuenta hoy d\u00eda con las condiciones de infraestructura apropiada para seguir sosteniendo el proyecto y dar un salto m\u00e1s cualitativo respecto de nuestra instalaci\u00f3n el a\u00f1o 1994. Tenemos el compromiso de seguir prospectando carreras profesionales y t\u00e9cnicas de alta calidad que tenga sentido y pertinencia en el territorio y por otro lado, con una agenda de investigaci\u00f3n que responda a indicaciones contextuales de la provincia\u201d.<\/em><\/p>\n\n\n\n<p style=\"font-size:17px\">El edificio que cuenta con alrededor de 6 mil metros cuadrados construidos emplazado en una infraestructura de 3 niveles con una presencia relevante de madera y luz natural, es adem\u00e1s una obra que a juicio de las autoridades regionales se hizo de cara a la comunidad chilota.<\/p>\n\n\n\n<p style=\"font-size:17px\">\u201c<em>Esto se hizo escuchando a la gente, escuchando a la gente de Chilo\u00e9 que quer\u00eda universidad y hoy tenemos este gran edificio, que m\u00e1s que un edificio es un lugar de estudio para la gente de Chilo\u00e9, el desaf\u00edo que tiene la universidad es poder desarrollar bien esto, crecer, tener m\u00e1s tecnolog\u00eda, transferencia tecnol\u00f3gica, innovaci\u00f3n y desarrollo<\/em>\u201d, sostuvo&nbsp;<strong>Carlos Geisse, delegado presidencial<\/strong>.<\/p>\n\n\n\n<p style=\"font-size:17px\">\u201c<em>Por fin vamos a empezar a construir capital humano en Chilo\u00e9, el talento que se requiere para el futuro de esta regi\u00f3n va irse construyendo ac\u00e1, probablemente hay nuevos desaf\u00edos como lo dec\u00eda el rector, un centro de estudio insular para ver c\u00f3mo la insularidad se transforma en una oportunidad de desarrollo, lejos de ser un obst\u00e1culo que se transforme en algo constructivo. Este es un paso para el desarrollo regional sustentable<\/em>\u201d, indic\u00f3 el&nbsp;<strong>gobernador regional, Patricio Vallesp\u00edn<\/strong>.<\/p>\n\n\n\n<p style=\"font-size:17px\">Durante la ceremonia tambi\u00e9n intervino el presidente del cap\u00edtulo provincial de&nbsp;<strong>Consejeros Regionales en la provincia de Chilo\u00e9, Nelson \u00c1guila<\/strong>&nbsp;quien coment\u00f3 sobre los inicios del proyecto de esta nueva sede, los pasos que debi\u00f3 cumplir y todo lo que fue la g\u00e9nesis de lo que hoy es la gran obra que se inaugura en la isla. Su trabajo fue destacado como fundamental para impulsar y llevar adelante el proyecto.<\/p>\n\n\n\n<p style=\"font-size:17px\"><strong>Ra\u00fal Irarr\u00e1zabal, director Nacional de Arquitectura del Ministerio de Obras P\u00fablicas<\/strong>&nbsp;presente en la ceremonia, destac\u00f3 los est\u00e1ndares de calidad con el que fue construida esta obra. \u201c<em>Esta universidad tiene los est\u00e1ndares que se construyen de igual forma en todo Chile, de Arica a Punta Arenas, no hay est\u00e1ndares distintos dependiendo de las regiones de Chile. Quiero adem\u00e1s destacar el detonante urbano que va a generar este proyecto, adem\u00e1s se contempla construir ac\u00e1 al lado la Escuela de las Culturas, aproximadamente dentro de un a\u00f1o m\u00e1s\u201d, sostuvo.<\/em><\/p>\n\n\n\n<p style=\"font-size:17px\">La ceremonia cont\u00f3 con la participaci\u00f3n musical del grupo de acordeones Viento Sur del Colegio San Francisco de As\u00eds y finaliz\u00f3 con un recorrido por las dependencias universitarias y el tradicional corte de cinta.<\/p>\n\n\n\n<p style=\"font-size:17px\">Durante el recorrido por la sede las autoridades e invitados especiales pudieron conocer el funcionamiento de los distintos laboratorios y talleres presentes en esta sede y compartir con estudiantes y acad\u00e9micos (as).<\/p>\n","protected":false},"excerpt":{"rendered":"<p>Edificio cuenta con una inversi\u00f3n del Gobierno Regional de 6.500 millones de pesos instalado en el sector Gamboa de la comuna<\/p>\n","protected":false},"author":1,"featured_media":3116,"comment_status":"closed","ping_status":"closed","sticky":false,"template":"","format":"standard","meta":{"footnotes":""},"categories":[11],"tags":[],"class_list":["post-3115","post","type-post","status-publish","format-standard","has-post-thumbnail","hentry","category-educacion"],"_links":{"self":[{"href":"https:\/\/www.semanariolocal.cl\/index.php?rest_route=\/wp\/v2\/posts\/3115","targetHints":{"allow":["GET"]}}],"collection":[{"href":"https:\/\/www.semanariolocal.cl\/index.php?rest_route=\/wp\/v2\/posts"}],"about":[{"href":"https:\/\/www.semanariolocal.cl\/index.php?rest_route=\/wp\/v2\/types\/post"}],"author":[{"embeddable":true,"href":"https:\/\/www.semanariolocal.cl\/index.php?rest_route=\/wp\/v2\/users\/1"}],"replies":[{"embeddable":true,"href":"https:\/\/www.semanariolocal.cl\/index.php?rest_route=%2Fwp%2Fv2%2Fcomments&post=3115"}],"version-history":[{"count":1,"href":"https:\/\/www.semanariolocal.cl\/index.php?rest_route=\/wp\/v2\/posts\/3115\/revisions"}],"predecessor-version":[{"id":3117,"href":"https:\/\/www.semanariolocal.cl\/index.php?rest_route=\/wp\/v2\/posts\/3115\/revisions\/3117"}],"wp:featuredmedia":[{"embeddable":true,"href":"https:\/\/www.semanariolocal.cl\/index.php?rest_route=\/wp\/v2\/media\/3116"}],"wp:attachment":[{"href":"https:\/\/www.semanariolocal.cl\/index.php?rest_route=%2Fwp%2Fv2%2Fmedia&parent=3115"}],"wp:term":[{"taxonomy":"category","embeddable":true,"href":"https:\/\/www.semanariolocal.cl\/index.php?rest_route=%2Fwp%2Fv2%2Fcategories&post=3115"},{"taxonomy":"post_tag","embeddable":true,"href":"https:\/\/www.semanariolocal.cl\/index.php?rest_route=%2Fwp%2Fv2%2Ftags&post=3115"}],"curies":[{"name":"wp","href":"https:\/\/api.w.org\/{rel}","templated":true}]}}