{"id":31136,"date":"2025-09-23T08:00:00","date_gmt":"2025-09-23T11:00:00","guid":{"rendered":"https:\/\/www.semanariolocal.cl\/?p=31136"},"modified":"2025-09-24T13:38:40","modified_gmt":"2025-09-24T16:38:40","slug":"epidemiologa-advierte-que-no-hay-pruebas-que-vinculen-el-paracetamol-con-el-autismo","status":"publish","type":"post","link":"https:\/\/www.semanariolocal.cl\/?p=31136","title":{"rendered":"Epidemi\u00f3loga advierte que\u00a0no hay pruebas que vinculen el paracetamol con el autismo"},"content":{"rendered":"\n<p><strong><mark style=\"background-color:#abb8c3\" class=\"has-inline-color has-white-color\">23 de Septiembre del 2025.- <\/mark><\/strong> El presidente de Estados Unidos, Donald Trump, llam\u00f3 recientemente a limitar el uso de paracetamol durante el embarazo por un supuesto riesgo de autismo. Incluso sugiri\u00f3 que las mujeres en gestaci\u00f3n \u201caguanten\u201d el dolor y la fiebre, salvo que no los puedan soportar.&nbsp;<\/p>\n\n\n\n<p>Sus declaraciones generaron controversia a nivel mundial. Desde el \u00e1mbito cient\u00edfico, especialistas advierten que este tipo de afirmaciones, sin respaldo en la evidencia, pueden provocar desinformaci\u00f3n y confusi\u00f3n en la poblaci\u00f3n.&nbsp;<\/p>\n\n\n\n<p>La epidemi\u00f3loga de la Universidad de Talca, \u00c9rika Retamal, recalc\u00f3 que, en primer lugar, una recomendaci\u00f3n de esa magnitud debe provenir de un facultativo de la salud. \u201cAdem\u00e1s, se trata de una opini\u00f3n que no est\u00e1 sustentada&nbsp;en fundamentos cient\u00edficos dado que no existe correlaci\u00f3n causal entre usar paracetamol y la presencia de autismo. No hay evidencia que sustente esa afirmaci\u00f3n\u201d, expres\u00f3. &nbsp;<\/p>\n\n\n\n<p>La especialista detall\u00f3 que los estudios disponibles sobre este tema son de tipo observacional, es decir, entregan una \u201cfotograf\u00eda\u201d de un momento, pero no permiten establecer causa y efecto. \u201cLas recomendaciones deben basarse en la mejor evidencia disponible, idealmente en metaan\u00e1lisis de buena calidad y ensayos cl\u00ednicos amplios, lo que no ocurre en este caso\u201d, precis\u00f3 la directora del Departamento de Salud P\u00fablica de la UTalca.&nbsp;<\/p>\n\n\n\n<p>La acad\u00e9mica enfatiz\u00f3 la importancia de que las pol\u00edticas p\u00fablicas y los mensajes que provienen de autoridad se construyan sobre la base de una evidencia cient\u00edfica m\u00e1s s\u00f3lida. \u201cLa salud debe estar presente en todas las pol\u00edticas, y para eso es fundamental que est\u00e9n dise\u00f1adas y comunicadas por personas con formaci\u00f3n t\u00e9cnica\u201d, concluy\u00f3.&nbsp;<\/p>\n\n\n\n<p><strong>\u00bfCu\u00e1ndo usar paracetamol?<\/strong>&nbsp;<\/p>\n\n\n\n<p>Respecto al uso del paracetamol, la epidemi\u00f3loga record\u00f3 que se trata de un medicamento analg\u00e9sico y antipir\u00e9tico, ampliamente utilizado para aliviar el dolor y la fiebre, adem\u00e1s de bajo costo.&nbsp;<\/p>\n\n\n\n<p>La experta recalc\u00f3 que, en el caso de las mujeres embarazadas, puede administrarse bajo supervisi\u00f3n m\u00e9dica, en dosis acotadas y cuando sea estrictamente necesario.&nbsp;<\/p>\n\n\n\n<p>&nbsp;\u201cComo todo medicamento, debe tomarse con conciencia. El paracetamol no es un caramelo. Su consumo excesivo puede provocar da\u00f1os graves, especialmente a nivel del ri\u00f1\u00f3n. La dosis m\u00e1xima recomendada son 1.000 mg. cada 8 horas\u201d, advirti\u00f3.&nbsp;<\/p>\n","protected":false},"excerpt":{"rendered":"<p>Las declaraciones sobre un supuesto v\u00ednculo entre el paracetamol en embarazadas y el autismo generaron pol\u00e9mica internacional. Experta advierte que carecen de evidencia y pueden desinformar. <\/p>\n","protected":false},"author":1,"featured_media":31137,"comment_status":"closed","ping_status":"closed","sticky":false,"template":"","format":"standard","meta":{"footnotes":""},"categories":[11,2890,4603,2484],"tags":[2118,337,273,247,133],"class_list":["post-31136","post","type-post","status-publish","format-standard","has-post-thumbnail","hentry","category-educacion","category-internacional","category-medicina-y-salud","category-salud","tag-semanariolocal","tag-informacion","tag-noticias","tag-region-de-los-lagos","tag-semanario-local"],"_links":{"self":[{"href":"https:\/\/www.semanariolocal.cl\/index.php?rest_route=\/wp\/v2\/posts\/31136","targetHints":{"allow":["GET"]}}],"collection":[{"href":"https:\/\/www.semanariolocal.cl\/index.php?rest_route=\/wp\/v2\/posts"}],"about":[{"href":"https:\/\/www.semanariolocal.cl\/index.php?rest_route=\/wp\/v2\/types\/post"}],"author":[{"embeddable":true,"href":"https:\/\/www.semanariolocal.cl\/index.php?rest_route=\/wp\/v2\/users\/1"}],"replies":[{"embeddable":true,"href":"https:\/\/www.semanariolocal.cl\/index.php?rest_route=%2Fwp%2Fv2%2Fcomments&post=31136"}],"version-history":[{"count":1,"href":"https:\/\/www.semanariolocal.cl\/index.php?rest_route=\/wp\/v2\/posts\/31136\/revisions"}],"predecessor-version":[{"id":31138,"href":"https:\/\/www.semanariolocal.cl\/index.php?rest_route=\/wp\/v2\/posts\/31136\/revisions\/31138"}],"wp:featuredmedia":[{"embeddable":true,"href":"https:\/\/www.semanariolocal.cl\/index.php?rest_route=\/wp\/v2\/media\/31137"}],"wp:attachment":[{"href":"https:\/\/www.semanariolocal.cl\/index.php?rest_route=%2Fwp%2Fv2%2Fmedia&parent=31136"}],"wp:term":[{"taxonomy":"category","embeddable":true,"href":"https:\/\/www.semanariolocal.cl\/index.php?rest_route=%2Fwp%2Fv2%2Fcategories&post=31136"},{"taxonomy":"post_tag","embeddable":true,"href":"https:\/\/www.semanariolocal.cl\/index.php?rest_route=%2Fwp%2Fv2%2Ftags&post=31136"}],"curies":[{"name":"wp","href":"https:\/\/api.w.org\/{rel}","templated":true}]}}