{"id":3112,"date":"2021-11-19T07:10:11","date_gmt":"2021-11-19T10:10:11","guid":{"rendered":"https:\/\/www.semanariolocal.cl\/?p=3112"},"modified":"2021-11-20T00:11:32","modified_gmt":"2021-11-20T03:11:32","slug":"autoridades-se-felicitan-por-nuevo-edificio-pdi","status":"publish","type":"post","link":"https:\/\/www.semanariolocal.cl\/?p=3112","title":{"rendered":"Autoridades se felicitan por Nuevo Edificio PDI"},"content":{"rendered":"\n<p style=\"font-size:17px\">Las obras ejecutadas por la Direcci\u00f3n de Arquitectura del MOP permitieron incrementar diez veces la capacidad del antiguo recinto, atendiendo las necesidades actuales de la instituci\u00f3n.<\/p>\n\n\n\n<p style=\"font-size:17px\">En su visita a la Regi\u00f3n de Los Lagos, el Director Nacional de Arquitectura del Ministerio de Obras P\u00fablicas, Ra\u00fal Irarr\u00e1zabal S\u00e1nchez, junto al Delegado Presidencial de Osorno, Mario Bello Garrido, al jefe de la Prefectura Provincial de Osorno de la PDI, Christian Mu\u00f1oz Hott, y al Director Regional de Arquitectura MOP en Los Lagos, Marco Scheihing, realiz\u00f3 una completa visita inspectiva final a las nuevas dependencias para la Polic\u00eda de Investigaciones.<\/p>\n\n\n\n<p style=\"font-size:17px\">En su recorrido, las autoridades pudieron apreciar las modernas instalaciones que beneficiar\u00e1n a las decenas de funcionarios que actualmente forman parte de la instituci\u00f3n, quienes hasta hace algunas semanas deb\u00edan operar en un edificio que data del a\u00f1o 1966, el cual ya no prestaba las condiciones de habitabilidad y funcionamiento requeridas por la instituci\u00f3n.<\/p>\n\n\n\n<p style=\"font-size:17px\">El Director Nacional de Arquitectura, Ra\u00fal Irarr\u00e1zabal, destac\u00f3 las cualidades arquitect\u00f3nicas del edificio, el cual cuenta con un \u201csistema de clima, que es el m\u00e1s adecuado para las condiciones clim\u00e1ticas del lugar, adem\u00e1s del dise\u00f1o para un sistema de trabajo de plantas libres, donde todo el sistema el\u00e9ctrico, los cables y enchufes est\u00e1n en el piso, lo que da mucha libertad para poder modificar la distribuci\u00f3n de los pisos e ir adecu\u00e1ndose a las necesidades de cada momento\u201d. Asimismo, relev\u00f3 una de sus principales caracter\u00edsticas en el dise\u00f1o y es la trasparencia e ingreso de luz natural a las dependencias, asegurando que \u201caunque uno no lo crea, eso permite desarrollar las actividades de manera m\u00e1s eficiente, y tambi\u00e9n para temas m\u00e1s complejos que deben tratar muchas veces, permite despejarse un poco y poder, de alguna manera, pensar y resolver mejor\u201d.<\/p>\n\n\n\n<p style=\"font-size:17px\">Este moderno edificio, cuya ejecuci\u00f3n implic\u00f3 una inversi\u00f3n cercana a los $10.162 millones aportados por el Gobierno Regional y la PDI, consta de una superficie construida de 4.767 metros cuadrados, que incluye \u00e1reas administrativas y de trabajo para las distintas brigadas que se desempe\u00f1an en la instituci\u00f3n, como la investigadora de robos, delitos econ\u00f3micos y antinarc\u00f3ticos, entre otras. Tambi\u00e9n, cuenta con un auditorio para 176 personas, estacionamientos subterr\u00e1neos y dependencias para la prefectura provincial.<\/p>\n\n\n\n<p style=\"font-size:17px\">Tras conocer las dependencias, el Delegado Presidencial Provincial de Osorno, Mario Bello, asegur\u00f3 que \u201ces una alegr\u00eda ver este edificio terminado y varias de las secciones de la Polic\u00eda de Investigaciones funcionando aqu\u00ed, porque es un proyecto del que se viene hablando hace muchos a\u00f1os, que tuvo sus tropiezos, pero que en este caso se hicieron todos los esfuerzos a trav\u00e9s del Ministerio de Obras P\u00fablicas por sacarlo adelante y tenerlo hoy, en el est\u00e1ndar que lo estamos viendo. Es un edificio de est\u00e1ndar moderno que va entregar todo el espacio adecuado y la tecnolog\u00eda que requieren para realizar el trabajo profesional que desempe\u00f1a la Polic\u00eda de Investigaciones de la mejor manera posible\u201d.<\/p>\n\n\n\n<p style=\"font-size:17px\">La construcci\u00f3n de este edificio se vio paralizada en un comienzo, luego de que la empresa que estaba a cargo en ese entonces quebrara, lo que llev\u00f3 a una nueva licitaci\u00f3n y adjudicaci\u00f3n a COPCISA S.A., constructora que retom\u00f3 las faenas y pudo concretar estas anheladas inmediaciones.<\/p>\n\n\n\n<p style=\"font-size:17px\">Al respecto el jefe de la Prefectura Provincial de Osorno de la PDI, prefecto Christian Mu\u00f1oz, manifest\u00f3 su alegr\u00eda con este nuevo recinto. \u201cSoy osornino, por lo tanto, desde los inicios de este proyecto tuvimos la esperanza de que en alg\u00fan momento pod\u00eda concretarse y as\u00ed fue. Tal como mencion\u00f3 nuestro Delegado, ha sido una visita muy buena porque hemos visto en vivo y en directo los avances y c\u00f3mo qued\u00f3 este edificio, que qued\u00f3 espectacular, con m\u00e1s de 4.767 metros cuadrados construidos, con todas las especificaciones t\u00e9cnicas y condiciones para que los colegas puedan brindar una atenci\u00f3n digna a todos los usuarios\u201d.<\/p>\n\n\n\n<p style=\"font-size:17px\">Junto a los espacios administrativos y propios de la ejecuci\u00f3n del servicio policial, se habilit\u00f3 un auditorio con capacidad para 176 personas, el cual se espera sea de gran utilidad no solo para la instituci\u00f3n, sino que tambi\u00e9n para toda la comunidad osornina. Respecto a su inauguraci\u00f3n, se estima poder concretarla durante el primer trimestre de 2022.<\/p>\n","protected":false},"excerpt":{"rendered":"<p>Las obras ejecutadas por la Direcci\u00f3n de Arquitectura del MOP permitieron incrementar diez veces la capacidad del antiguo recinto, atendiendo las necesidades actuales de la instituci\u00f3n. En su visita a la Regi\u00f3n de Los Lagos, el Director Nacional de Arquitectura del Ministerio de Obras P\u00fablicas, Ra\u00fal Irarr\u00e1zabal S\u00e1nchez, junto al Delegado Presidencial de Osorno, Mario&#8230;<a class=\"btnReadMore\" href=\"https:\/\/www.semanariolocal.cl\/?p=3112\"> Leer M\u00e1s<\/a><\/p>\n","protected":false},"author":1,"featured_media":3113,"comment_status":"closed","ping_status":"closed","sticky":false,"template":"","format":"standard","meta":{"footnotes":""},"categories":[3],"tags":[],"class_list":["post-3112","post","type-post","status-publish","format-standard","has-post-thumbnail","hentry","category-al-dia"],"_links":{"self":[{"href":"https:\/\/www.semanariolocal.cl\/index.php?rest_route=\/wp\/v2\/posts\/3112","targetHints":{"allow":["GET"]}}],"collection":[{"href":"https:\/\/www.semanariolocal.cl\/index.php?rest_route=\/wp\/v2\/posts"}],"about":[{"href":"https:\/\/www.semanariolocal.cl\/index.php?rest_route=\/wp\/v2\/types\/post"}],"author":[{"embeddable":true,"href":"https:\/\/www.semanariolocal.cl\/index.php?rest_route=\/wp\/v2\/users\/1"}],"replies":[{"embeddable":true,"href":"https:\/\/www.semanariolocal.cl\/index.php?rest_route=%2Fwp%2Fv2%2Fcomments&post=3112"}],"version-history":[{"count":1,"href":"https:\/\/www.semanariolocal.cl\/index.php?rest_route=\/wp\/v2\/posts\/3112\/revisions"}],"predecessor-version":[{"id":3114,"href":"https:\/\/www.semanariolocal.cl\/index.php?rest_route=\/wp\/v2\/posts\/3112\/revisions\/3114"}],"wp:featuredmedia":[{"embeddable":true,"href":"https:\/\/www.semanariolocal.cl\/index.php?rest_route=\/wp\/v2\/media\/3113"}],"wp:attachment":[{"href":"https:\/\/www.semanariolocal.cl\/index.php?rest_route=%2Fwp%2Fv2%2Fmedia&parent=3112"}],"wp:term":[{"taxonomy":"category","embeddable":true,"href":"https:\/\/www.semanariolocal.cl\/index.php?rest_route=%2Fwp%2Fv2%2Fcategories&post=3112"},{"taxonomy":"post_tag","embeddable":true,"href":"https:\/\/www.semanariolocal.cl\/index.php?rest_route=%2Fwp%2Fv2%2Ftags&post=3112"}],"curies":[{"name":"wp","href":"https:\/\/api.w.org\/{rel}","templated":true}]}}