{"id":3103,"date":"2021-11-19T07:56:00","date_gmt":"2021-11-19T10:56:00","guid":{"rendered":"https:\/\/www.semanariolocal.cl\/?p=3103"},"modified":"2021-11-19T23:59:16","modified_gmt":"2021-11-20T02:59:16","slug":"autoridades-entregan-recomendaciones-de-cara-a-las-elecciones-del-domingo","status":"publish","type":"post","link":"https:\/\/www.semanariolocal.cl\/?p=3103","title":{"rendered":"Autoridades entregan recomendaciones de cara a las elecciones del domingo"},"content":{"rendered":"\n<p style=\"font-size:17px\">La escuela Argentina fue el local de votaci\u00f3n elegido para el inicio de la supervisi\u00f3n de los locales de votaci\u00f3n de las pr\u00f3ximas elecciones presidenciales, parlamentarias y de consejeros regionales. Las autoridades encabezadas por el Delegado presidencial Regional, Carlos Geisse hicieron la revisi\u00f3n respectiva a los centros de votaci\u00f3n que se llevar\u00e1n a cabo en la regi\u00f3n entre hoy y ma\u00f1ana, &nbsp;de cara a los comicios del pr\u00f3ximo domingo.<\/p>\n\n\n\n<p style=\"font-size:17px\">Durante el recorrido Delegado Presidencial Regional, Carlos Geisse, estuvo acompa\u00f1ado del Jefe de la Defensa Nacional General Cristi\u00e1n Egu\u00eda; el General de la X Zona de Carabineros, &nbsp;el director regional del Servel, Ren\u00e9 Schmidt, Seremi de Gobierno, Luis Toledo y Seremi de Transportes y Telecomunicaciones, Nicol\u00e1s C\u00e9spedes, en donde adem\u00e1s se entregaron recomendaciones para las elecciones de este domingo.<\/p>\n\n\n\n<p style=\"font-size:17px\">El Delegado Presidencial Regional, Carlos Geisse, record\u00f3 que en esta elecci\u00f3n es m\u00e1s segura, hay mayor poblaci\u00f3n vacunada, \u201cpor lo tanto esperamos una mayor asistencia de los ciudadanos que tienen derecho a voto. Recordarles que esta elecci\u00f3n tiene el apoyo del transporte rural&nbsp; gratuito en total 469 recorridos, los cuales 310 son nuevos, los otros son los subvencionados habituales, informaci\u00f3n que est\u00e1 publicada en las p\u00e1ginas web del Ministerio de Transportes, Servel&nbsp; y a los municipios. Las personas adultos mayores, personas con discapacidad y mujeres embarazadas tienen preferencias al votar\u201d.<\/p>\n\n\n\n<p style=\"font-size:17px\">El Comandante en Jefe de la III\u00aa Brigada A\u00e9rea, General de Brigada A\u00e9rea (A) Cristi\u00e1n Egu\u00eda, se\u00f1al\u00f3 que hoy a partir de las 9 de la ma\u00f1ana&nbsp; los 169 locales de votaci\u00f3n en la regi\u00f3n de Los Lagos, donde se ha dispuesto la presencia de mil 250 efectivos de las Fuerzas&nbsp; Armadas y 850 Carabineros, \u201cel despliegue lo iniciamos en el d\u00eda de ayer&nbsp; en los lugares m\u00e1s lejanos en las islas y sectores aislados, sin observaciones por el momento. Hacemos una invitaci\u00f3n a la ciudadan\u00eda&nbsp; a cumplir su deber c\u00edvico este domingo&nbsp; entre las 8 y 18 horas, est\u00e1n tomadas las medidas de seguridad y recordamos mantener las medidas sanitarias, distanciamiento, uso de mascarilla\u201d.<\/p>\n\n\n\n<p style=\"font-size:17px\">El Gobernador Regional, Patricio Vallesp\u00edn, indic\u00f3&nbsp; que \u201clas&nbsp; 746 mil&nbsp; personas que est\u00e1n habilitadas en el padr\u00f3n&nbsp; para votar&nbsp; lo hagan con plena tranquilidad, esperamos que la gente pueda venir masivamente a participar de este evento en la paz social que se requiere, es una elecci\u00f3n sumamente importante&nbsp; para el pa\u00eds que va a marcar el futuro de Chile, porque va a coincidir con el Gobierno que va a ser andar la nueva Constituci\u00f3n., es un momento muy hist\u00f3rico por lo tanto&nbsp; ac\u00e9rquense&nbsp; a votar est\u00e1n todas las condiciones, se han dispuesto 469 recorridos que le da m\u00e1s facilidades a la gente\u201d.<\/p>\n\n\n\n<p style=\"font-size:17px\">Por su parte el Director Regional de Servel, Ren\u00e9 Schmidt hizo el llamado para que los electores concurran temprano a los locales&nbsp; de votaci\u00f3n, ya que las mesas se abren las 8 de la ma\u00f1ana y que concurran informados para votar, debido a&nbsp; la cantidad de candidatos existentes en esta elecci\u00f3n y reiter\u00f3&nbsp; no olvidar su c\u00e9dula de identidad.<\/p>\n\n\n\n<p style=\"font-size:17px\">Finalmente el Seremi de Transportes, Nicol\u00e1s C\u00e9spedes,&nbsp; se\u00f1al\u00f3 que en la parte urbana se est\u00e1 garantizando&nbsp; en aquellos que est\u00e1 regulado en los per\u00edmetros de exclusi\u00f3n de Osorno, Castro y Quell\u00f3n, la resoluci\u00f3n&nbsp; establece que el d\u00eda de la votaci\u00f3n&nbsp; es un d\u00eda laboral, por lo tanto la frecuencia est\u00e1 asegurada por GPS. En el caso de Puerto Montt como el transporte no est\u00e1 regulado, se realiz\u00f3 una coordinaci\u00f3n con la l\u00ednea 1 y l\u00ednea 7&nbsp; ambas est\u00e1n funcionando con&nbsp; en un&nbsp; d\u00eda laboral con 114 buses en total en el sector de Alerce, se distribuyen seis recorridos distintos&nbsp; y est\u00e1n haciendo la inscripci\u00f3n para aquellos choferes&nbsp;&nbsp; que van a funcionar el d\u00eda domingo y hasta el momento&nbsp;&nbsp; registra un 40 por ciento de ellos, por lo cual habr\u00e1 entre 50 a 40 buses funcionando. Los colectivos van a dar un gran apoyo con un 70 por ciento de la flota en terreno\u201d.<\/p>\n\n\n\n<p style=\"font-size:17px\"><strong>Datos regionales<\/strong><\/p>\n\n\n\n<p style=\"font-size:17px\">Para los comicios de este domingo la regi\u00f3n de Los Lagos cuenta con 169 locales de votaci\u00f3n para 750 mil electores a nivel regional y 469 servicios de transporte gratuito.&nbsp;<\/p>\n","protected":false},"excerpt":{"rendered":"<p>Para los comicios de este domingo la regi\u00f3n de Los Lagos cuenta con 169 locales de votaci\u00f3n para 750 mil electores a nivel regional y 469 servicios de transporte gratuito.<\/p>\n","protected":false},"author":1,"featured_media":3104,"comment_status":"closed","ping_status":"closed","sticky":false,"template":"","format":"standard","meta":{"footnotes":""},"categories":[3],"tags":[],"class_list":["post-3103","post","type-post","status-publish","format-standard","has-post-thumbnail","hentry","category-al-dia"],"_links":{"self":[{"href":"https:\/\/www.semanariolocal.cl\/index.php?rest_route=\/wp\/v2\/posts\/3103","targetHints":{"allow":["GET"]}}],"collection":[{"href":"https:\/\/www.semanariolocal.cl\/index.php?rest_route=\/wp\/v2\/posts"}],"about":[{"href":"https:\/\/www.semanariolocal.cl\/index.php?rest_route=\/wp\/v2\/types\/post"}],"author":[{"embeddable":true,"href":"https:\/\/www.semanariolocal.cl\/index.php?rest_route=\/wp\/v2\/users\/1"}],"replies":[{"embeddable":true,"href":"https:\/\/www.semanariolocal.cl\/index.php?rest_route=%2Fwp%2Fv2%2Fcomments&post=3103"}],"version-history":[{"count":1,"href":"https:\/\/www.semanariolocal.cl\/index.php?rest_route=\/wp\/v2\/posts\/3103\/revisions"}],"predecessor-version":[{"id":3105,"href":"https:\/\/www.semanariolocal.cl\/index.php?rest_route=\/wp\/v2\/posts\/3103\/revisions\/3105"}],"wp:featuredmedia":[{"embeddable":true,"href":"https:\/\/www.semanariolocal.cl\/index.php?rest_route=\/wp\/v2\/media\/3104"}],"wp:attachment":[{"href":"https:\/\/www.semanariolocal.cl\/index.php?rest_route=%2Fwp%2Fv2%2Fmedia&parent=3103"}],"wp:term":[{"taxonomy":"category","embeddable":true,"href":"https:\/\/www.semanariolocal.cl\/index.php?rest_route=%2Fwp%2Fv2%2Fcategories&post=3103"},{"taxonomy":"post_tag","embeddable":true,"href":"https:\/\/www.semanariolocal.cl\/index.php?rest_route=%2Fwp%2Fv2%2Ftags&post=3103"}],"curies":[{"name":"wp","href":"https:\/\/api.w.org\/{rel}","templated":true}]}}