{"id":31017,"date":"2025-09-13T08:30:00","date_gmt":"2025-09-13T11:30:00","guid":{"rendered":"https:\/\/www.semanariolocal.cl\/?p=31017"},"modified":"2025-09-13T23:32:21","modified_gmt":"2025-09-14T02:32:21","slug":"gore-y-municipio-osornino-firman-convenios-por-mas-de-4-000-millones","status":"publish","type":"post","link":"https:\/\/www.semanariolocal.cl\/?p=31017","title":{"rendered":"Gore y municipio osornino  firman convenios por m\u00e1s de $4.000 millones"},"content":{"rendered":"\n<p><strong><mark style=\"background-color:#abb8c3\" class=\"has-inline-color has-white-color\">13 de septiembre de 2025.\u2013 <\/mark><\/strong>El gobernador regional de Los Lagos, Alejandro Santana, junto al alcalde de Osorno, Jaime Bertin, firmaron tres convenios que permitir\u00e1n iniciar la licitaci\u00f3n de obras emblem\u00e1ticas para la comuna, con una inversi\u00f3n cercana a los 4.466 millones de pesos financiados a trav\u00e9s del Fondo Nacional de Desarrollo Regional (FNDR).<\/p>\n\n\n\n<p>Se trata de la reposici\u00f3n de los Juzgados de Polic\u00eda Local de Osorno, la reposici\u00f3n de veredas en la poblaci\u00f3n Juan de Dios Guajardo y la conservaci\u00f3n de la Feria Pedro Aguirre Cerda, proyectos que beneficiar\u00e1n de manera directa a los m\u00e1s de 166.455 habitantes de la comuna de Osorno.<\/p>\n\n\n\n<p><strong>Los proyectos en detalle<\/strong> <\/p>\n\n\n\n<p>Reposici\u00f3n Juzgados de Polic\u00eda Local de Osorno<br>La iniciativa contempla la construcci\u00f3n de un nuevo edificio de 1.387 m\u00b2 en calle Amthauer, con salas de audiencia, oficinas para magistrados, ascensor, archivo y equipamiento especializado.<\/p>\n\n\n\n<p>Inversi\u00f3n: $3.754 millones<\/p>\n\n\n\n<p>&nbsp;Reposici\u00f3n de veredas Poblaci\u00f3n Juan de Dios Guajardo, sector Ovejer\u00eda<br>El proyecto considera el mejoramiento de m\u00e1s de 2.800 m\u00b2 de veredas, aumentando su ancho para cumplir la normativa vigente y entregar mayor seguridad, especialmente a adultos mayores.<\/p>\n\n\n\n<p>Inversi\u00f3n: $204 millones<\/p>\n\n\n\n<p>&nbsp;Conservaci\u00f3n Feria Pedro Aguirre Cerda<br>Se ejecutar\u00e1n obras de reparaci\u00f3n de techumbre, bodegas, instalaciones el\u00e9ctricas y alcantarillado, con el objetivo de prolongar la vida \u00fatil de esta infraestructura de m\u00e1s de 50 a\u00f1os.<\/p>\n\n\n\n<p>Inversi\u00f3n: $507 millones<\/p>\n\n\n\n<p><strong>Gobernador Santana: \u201cCon menos recursos, seguimos priorizando las urgencias\u201d<\/strong><\/p>\n\n\n\n<p>El gobernador regional, Alejandro Santana, destac\u00f3 la relevancia de estas inversiones para Osorno y la decisi\u00f3n de priorizar proyectos comunales pese a las restricciones presupuestarias: \u201cSon pr\u00e1cticamente 4.000 millones de pesos para tres proyectos emblem\u00e1ticos, priorizados junto al alcalde Bertin y el consejo comunal. Hemos accedido a financiar estas iniciativas que hoy firmamos como convenio mandato, lo que implica que ya se podr\u00e1n licitar. (\u2026) Nuestro prop\u00f3sito como Gobierno Regional es que con menos recursos, debido a las reducciones presupuestarias, sigamos priorizando proyectos comunales, sociales y vecinales que van al coraz\u00f3n de las urgencias de la comunidad\u201d.<\/p>\n\n\n\n<p>El jefe regional a\u00f1adi\u00f3 que el GORE ha debido enfrentar un escenario de discriminaci\u00f3n presupuestaria, con una baja en los recursos durante 2025 y la amenaza de un nuevo recorte en 2026: \u201cNosotros tenemos el prop\u00f3sito como Gobierno Regional de, con menos recursos, seguir financiando las prioridades de la gente. Ustedes bien saben que hemos sido, podr\u00edamos decir, discriminados desde el punto de vista de reducciones presupuestarias durante este a\u00f1o y con una amenaza inminente de que el pr\u00f3ximo a\u00f1o el presupuesto sea m\u00e1s bajo que este. Esperamos dar la lucha para que eso no suceda, pero lo que hemos comprometido y eso sigue firme es que todos los proyectos de car\u00e1cter comunal, social y los programas propios del Gobierno Regional se van a financiar para tranquilidad de la comunidad. Lo que vamos a revisar son los proyectos ministeriales, que muchas veces son compromisos presidenciales pero terminan financiados por el gobierno regional\u201d.<\/p>\n\n\n\n<p><strong>Alcalde Bertin: \u201cObras que solucionan problemas reales\u201d<\/strong><\/p>\n\n\n\n<p>Por su parte, el alcalde Jaime Bertin valor\u00f3 el compromiso conjunto con el Gobierno Regional: \u201cEn poco tiempo hemos logrado posicionar recursos importantes para Osorno. Aqu\u00ed las obras solucionan problemas, no los anuncios. Estos proyectos \u2014los juzgados, la feria y las veredas en Ovejer\u00eda\u2014 son absolutamente necesarios y tienen un sentido social tremendo. Nos deja muy contentos ver que avanzamos en obras que la comunidad espera hace a\u00f1os\u201d.<\/p>\n\n\n\n<p><strong>Feriante: \u201cUna feria largamente esperada\u201d<\/strong><\/p>\n\n\n\n<p>La secretaria de la Agrupaci\u00f3n de Feriante Pedro Aguirre Cerda, Marisol Gallardo, destac\u00f3 el valor que tendr\u00e1 la remodelaci\u00f3n de la feria, espacio tradicional de Osorno: \u201cDespu\u00e9s de una lucha de muchos a\u00f1os logramos que nuestra feria tenga una lavadita de cara y podamos entregarle al p\u00fablico una mejor visi\u00f3n. (\u2026) Contentos porque ya esto est\u00e1 avanzando muy r\u00e1pido, hoy d\u00eda se firm\u00f3 el proyecto y eso nos da m\u00e1s tranquilidad, m\u00e1s alegr\u00eda y m\u00e1s ganas de seguir invitando a la gente a visitarnos. Si los plazos se cumplen, el pr\u00f3ximo invierno de 2026 podr\u00edamos tener un techo nuevo, canaletas y sistema de agua renovado. (\u2026) Agradecemos al Gobierno Regional, a los cores locales y a la municipalidad que nos escucharon, porque esta es una obra largamente esperada\u201d.<\/p>\n\n\n\n<p>Con esta firma, el Gobierno Regional de Los Lagos y la Municipalidad de Osorno inician el proceso que permitir\u00e1 materializar estas tres iniciativas durante 2025, fortaleciendo la infraestructura p\u00fablica, la seguridad y la calidad de vida&nbsp;en&nbsp;la&nbsp;comuna.<\/p>\n","protected":false},"excerpt":{"rendered":"<p>Se trata de la reposicio\u0301n de los Juzgados de Polic\u00eda Local de Osorno, la reposicio\u0301n de veredas en la poblaci\u00f3n Juan de Dios Guajardo y la conservaci\u00f3n de la Feria Pedro Aguirre Cerda, proyectos que beneficiar\u00e1n de manera directa a los m\u00e1s de 166.455 habitantes de la comuna de Osorno.<\/p>\n","protected":false},"author":1,"featured_media":31018,"comment_status":"closed","ping_status":"closed","sticky":false,"template":"","format":"standard","meta":{"footnotes":""},"categories":[3,2494,2495,3597],"tags":[2118,337,273,247,133],"class_list":["post-31017","post","type-post","status-publish","format-standard","has-post-thumbnail","hentry","category-al-dia","category-core","category-gore","category-municipalidad","tag-semanariolocal","tag-informacion","tag-noticias","tag-region-de-los-lagos","tag-semanario-local"],"_links":{"self":[{"href":"https:\/\/www.semanariolocal.cl\/index.php?rest_route=\/wp\/v2\/posts\/31017","targetHints":{"allow":["GET"]}}],"collection":[{"href":"https:\/\/www.semanariolocal.cl\/index.php?rest_route=\/wp\/v2\/posts"}],"about":[{"href":"https:\/\/www.semanariolocal.cl\/index.php?rest_route=\/wp\/v2\/types\/post"}],"author":[{"embeddable":true,"href":"https:\/\/www.semanariolocal.cl\/index.php?rest_route=\/wp\/v2\/users\/1"}],"replies":[{"embeddable":true,"href":"https:\/\/www.semanariolocal.cl\/index.php?rest_route=%2Fwp%2Fv2%2Fcomments&post=31017"}],"version-history":[{"count":1,"href":"https:\/\/www.semanariolocal.cl\/index.php?rest_route=\/wp\/v2\/posts\/31017\/revisions"}],"predecessor-version":[{"id":31019,"href":"https:\/\/www.semanariolocal.cl\/index.php?rest_route=\/wp\/v2\/posts\/31017\/revisions\/31019"}],"wp:featuredmedia":[{"embeddable":true,"href":"https:\/\/www.semanariolocal.cl\/index.php?rest_route=\/wp\/v2\/media\/31018"}],"wp:attachment":[{"href":"https:\/\/www.semanariolocal.cl\/index.php?rest_route=%2Fwp%2Fv2%2Fmedia&parent=31017"}],"wp:term":[{"taxonomy":"category","embeddable":true,"href":"https:\/\/www.semanariolocal.cl\/index.php?rest_route=%2Fwp%2Fv2%2Fcategories&post=31017"},{"taxonomy":"post_tag","embeddable":true,"href":"https:\/\/www.semanariolocal.cl\/index.php?rest_route=%2Fwp%2Fv2%2Ftags&post=31017"}],"curies":[{"name":"wp","href":"https:\/\/api.w.org\/{rel}","templated":true}]}}