{"id":30976,"date":"2025-09-10T08:00:00","date_gmt":"2025-09-10T11:00:00","guid":{"rendered":"https:\/\/www.semanariolocal.cl\/?p=30976"},"modified":"2025-09-10T11:33:12","modified_gmt":"2025-09-10T14:33:12","slug":"cores-de-osorno-solicitan-financiamiento-urgente-para-proyecto-sanitario-en-pichil","status":"publish","type":"post","link":"https:\/\/www.semanariolocal.cl\/?p=30976","title":{"rendered":"CORES de Osorno solicitan financiamiento urgente para proyecto sanitario en Pichil"},"content":{"rendered":"\n<p><strong><mark style=\"background-color:#abb8c3\" class=\"has-inline-color has-white-color\">10 de Septiembre del 2025.- <\/mark><\/strong> En la \u00faltima sesi\u00f3n plenaria del Consejo Regional de Los Lagos, los consejeros Carlos Schwalm, Alexis Casanova y el actual presidente de la Comisi\u00f3n Provincial Osorno, Francisco Reyes, solicitaron el aumento de presupuesto de este proyecto que tras a\u00f1os de postergaciones -debido a problemas de dise\u00f1o y cambios en el proyecto- logr\u00f3 la Recomendaci\u00f3n T\u00e9cnica para su ejecuci\u00f3n y hoy requiere de un aumento de presupuesto para su concreci\u00f3n.<\/p>\n\n\n\n<p>Este proyecto es vital para cerca de cien familias que buscan solucionar la cr\u00edtica situaci\u00f3n sanitaria que afecta a la localidad, donde los consejeros regionales han sido testigos de lo que vive la poblaci\u00f3n que reside en Pichil. El sistema actual provoca anegamientos de aguas servidas en invierno y olores insoportables en verano, situaci\u00f3n que se agrava con la planificaci\u00f3n de una planta de biog\u00e1s en la zona.<\/p>\n\n\n\n<p>El presidente de la Comisi\u00f3n Provincial Osorno del CORE, Francisco Reyes, solicit\u00f3 la incorporaci\u00f3n de este proyecto de forma urgente. \u201cCreo que nadie vivir\u00eda ah\u00ed de las personas que est\u00e1n presentes en esta sala y los tomadores de decisi\u00f3n, por ello es urgente la incorporaci\u00f3n en una pr\u00f3xima sesi\u00f3n, previo an\u00e1lisis y paso por comisiones de este proyecto. Desde el punto de vista sanitario es de emergencia para la comuna de Osorno y para el sector de Pichil, esta construcci\u00f3n de redes de alcantarillado, planta de tratamiento del sector Pichil, es un proyecto por alrededor de 690 millones de pesos, un proyecto acotado que ha logrado esa recomendaci\u00f3n y que tuvo un trabajo de coordinaci\u00f3n y participaci\u00f3n a prop\u00f3sito de la emergencia\u201d, se\u00f1al\u00f3 Reyes.<\/p>\n\n\n\n<p>El consejero Alexis Casanova, agreg\u00f3 que estos problemas -que tienen una data de m\u00e1s de 10 a\u00f1os- requieren de apoyo ahora. \u201cEl tema de la planta de agua potable, Pichil, es una planta que viene del a\u00f1o 2015, y ese tema viene con muchos problemas, yo tom\u00e9 contacto, me atrev\u00ed a molestar al gobernador, sabiendo que era fin de semana, hablamos con el alcalde Bert\u00edn, hablamos con el se\u00f1or gobernador, y lo vamos a colocar en tabla en el pr\u00f3ximo plenario\u201d, a\u00f1adi\u00f3.<\/p>\n\n\n\n<p>Finalmente, el consejero Carlos Schwalm, record\u00f3 que personalmente conoce la situaci\u00f3n y no dudar\u00e1 en empujar este proyecto en todo lo que se requiera. \u201cAqu\u00ed estamos haciendo fuerza junto a mis colegas por el proyecto de Pichil. Es algo que es imperioso sacar adelante, toda vez que en mi en mi caso me consta, visit\u00e9 junto al Centro General de Padres y Apoderados hace poquito tiempo atr\u00e1s este lugar y las aguas servidas llegan a la calle, ingresan a las viviendas y m\u00e1s a\u00fan ingresan al propio establecimiento educacional. De tal modo que es algo que es insalvable, que ya tiene que resolverse y este Consejo Regional estar\u00e1 llamado a dar finalmente esa soluci\u00f3n, y es lo que nosotros aspiramos a hacer\u201d, manifest\u00f3.<\/p>\n\n\n\n<p>El proyecto, con un costo estimado de $690 millones, ha requerido un arduo trabajo de coordinaci\u00f3n entre la Direcci\u00f3n de Obras Hidr\u00e1ulicas y el municipio de Osorno para subsanar las deficiencias del dise\u00f1o original. Tras superar estas dificultades, finalmente comienza a concretarse, aunque ahora necesita un aumento de presupuesto para poder materializarse, ya que incide directamente en la calidad de vida de sus habitantes.<\/p>\n\n\n\n<p>Tras las peticiones y requerimientos de los consejeros regionales, el gobernador regional, Alejandro Santana, asegur\u00f3 que el proyecto ser\u00e1 puesto en tabla en la pr\u00f3xima sesi\u00f3n plenaria del Consejo Regional para ser votado y as\u00ed recibir el financiamiento necesario por parte del Gobierno Regional de Los Lagos.<\/p>\n","protected":false},"excerpt":{"rendered":"<p>Este proyecto es vital para cerca de cien familias que buscan solucionar la cr\u00edtica situaci\u00f3n sanitaria que afecta a la localidad.<\/p>\n","protected":false},"author":1,"featured_media":30977,"comment_status":"closed","ping_status":"closed","sticky":false,"template":"","format":"standard","meta":{"footnotes":""},"categories":[3,8,2494,4419,4353,2483],"tags":[2118,337,273,247,133],"class_list":["post-30976","post","type-post","status-publish","format-standard","has-post-thumbnail","hentry","category-al-dia","category-comunas","category-core","category-gobierno-regional","category-osorno","category-region","tag-semanariolocal","tag-informacion","tag-noticias","tag-region-de-los-lagos","tag-semanario-local"],"_links":{"self":[{"href":"https:\/\/www.semanariolocal.cl\/index.php?rest_route=\/wp\/v2\/posts\/30976","targetHints":{"allow":["GET"]}}],"collection":[{"href":"https:\/\/www.semanariolocal.cl\/index.php?rest_route=\/wp\/v2\/posts"}],"about":[{"href":"https:\/\/www.semanariolocal.cl\/index.php?rest_route=\/wp\/v2\/types\/post"}],"author":[{"embeddable":true,"href":"https:\/\/www.semanariolocal.cl\/index.php?rest_route=\/wp\/v2\/users\/1"}],"replies":[{"embeddable":true,"href":"https:\/\/www.semanariolocal.cl\/index.php?rest_route=%2Fwp%2Fv2%2Fcomments&post=30976"}],"version-history":[{"count":1,"href":"https:\/\/www.semanariolocal.cl\/index.php?rest_route=\/wp\/v2\/posts\/30976\/revisions"}],"predecessor-version":[{"id":30978,"href":"https:\/\/www.semanariolocal.cl\/index.php?rest_route=\/wp\/v2\/posts\/30976\/revisions\/30978"}],"wp:featuredmedia":[{"embeddable":true,"href":"https:\/\/www.semanariolocal.cl\/index.php?rest_route=\/wp\/v2\/media\/30977"}],"wp:attachment":[{"href":"https:\/\/www.semanariolocal.cl\/index.php?rest_route=%2Fwp%2Fv2%2Fmedia&parent=30976"}],"wp:term":[{"taxonomy":"category","embeddable":true,"href":"https:\/\/www.semanariolocal.cl\/index.php?rest_route=%2Fwp%2Fv2%2Fcategories&post=30976"},{"taxonomy":"post_tag","embeddable":true,"href":"https:\/\/www.semanariolocal.cl\/index.php?rest_route=%2Fwp%2Fv2%2Ftags&post=30976"}],"curies":[{"name":"wp","href":"https:\/\/api.w.org\/{rel}","templated":true}]}}