{"id":3097,"date":"2021-11-17T11:49:00","date_gmt":"2021-11-17T14:49:00","guid":{"rendered":"https:\/\/www.semanariolocal.cl\/?p=3097"},"modified":"2021-11-19T23:52:42","modified_gmt":"2021-11-20T02:52:42","slug":"productores-de-grupos-de-transferencia-vuelven-a-reuniones-presenciales","status":"publish","type":"post","link":"https:\/\/www.semanariolocal.cl\/?p=3097","title":{"rendered":"Productores de Grupos de transferencia vuelven a reuniones presenciales"},"content":{"rendered":"\n<p style=\"font-size:17px\">Los productores pertenecientes al Grupo de Transferencia Tecnol\u00f3gica (GTT) de Ganader\u00eda Sustentable de la comuna Los Lagos, en la Regi\u00f3n de Los R\u00edos, tuvieron su primera reuni\u00f3n presencial en casi 2 a\u00f1os de pandemia, en la que en investigador especialista en praderas y cultivos de INIA Remehue, Alfredo Torres B\u00f3rquez, dict\u00f3 una charla de manejo de praderas en primavera y verano.<\/p>\n\n\n\n<p style=\"font-size:17px\">Josu\u00e9 Mart\u00ednez-Lagos, coordinador del grupo, explic\u00f3 que \u201cesta es la primera reuni\u00f3n presencial en estos casi dos a\u00f1os de pandemia, porque antes hab\u00edamos tenido reuniones pero con aforo reducido, en cambio ahora pudimos reunirnos todos tomando todas las medidas de resguardo sanitario\u201d.<\/p>\n\n\n\n<p style=\"font-size:17px\">Alfredo Torres, destac\u00f3 el inter\u00e9s de los asistentes y la alta convocatoria. \u201cLlegaron 17 de 18 socios y con ellos estuvimos viendo temas de fertilizaci\u00f3n de praderas, manejo efectivo de la frecuencia e intensidad del pastoreo, rezagos para confecci\u00f3n de ensilajes, uso de cortes de limpieza y evaluaci\u00f3n y control de plagas, entre otros aspectos claves para esta \u00e9poca\u201d.<\/p>\n","protected":false},"excerpt":{"rendered":"<p>En la ocasi\u00f3n el investigador de INIA Remehue Afredo Torres dict\u00f3 una charla sobre manejo de praderas en primavera y verano.<\/p>\n","protected":false},"author":1,"featured_media":3098,"comment_status":"closed","ping_status":"closed","sticky":false,"template":"","format":"standard","meta":{"footnotes":""},"categories":[20],"tags":[],"class_list":["post-3097","post","type-post","status-publish","format-standard","has-post-thumbnail","hentry","category-agro"],"_links":{"self":[{"href":"https:\/\/www.semanariolocal.cl\/index.php?rest_route=\/wp\/v2\/posts\/3097","targetHints":{"allow":["GET"]}}],"collection":[{"href":"https:\/\/www.semanariolocal.cl\/index.php?rest_route=\/wp\/v2\/posts"}],"about":[{"href":"https:\/\/www.semanariolocal.cl\/index.php?rest_route=\/wp\/v2\/types\/post"}],"author":[{"embeddable":true,"href":"https:\/\/www.semanariolocal.cl\/index.php?rest_route=\/wp\/v2\/users\/1"}],"replies":[{"embeddable":true,"href":"https:\/\/www.semanariolocal.cl\/index.php?rest_route=%2Fwp%2Fv2%2Fcomments&post=3097"}],"version-history":[{"count":1,"href":"https:\/\/www.semanariolocal.cl\/index.php?rest_route=\/wp\/v2\/posts\/3097\/revisions"}],"predecessor-version":[{"id":3099,"href":"https:\/\/www.semanariolocal.cl\/index.php?rest_route=\/wp\/v2\/posts\/3097\/revisions\/3099"}],"wp:featuredmedia":[{"embeddable":true,"href":"https:\/\/www.semanariolocal.cl\/index.php?rest_route=\/wp\/v2\/media\/3098"}],"wp:attachment":[{"href":"https:\/\/www.semanariolocal.cl\/index.php?rest_route=%2Fwp%2Fv2%2Fmedia&parent=3097"}],"wp:term":[{"taxonomy":"category","embeddable":true,"href":"https:\/\/www.semanariolocal.cl\/index.php?rest_route=%2Fwp%2Fv2%2Fcategories&post=3097"},{"taxonomy":"post_tag","embeddable":true,"href":"https:\/\/www.semanariolocal.cl\/index.php?rest_route=%2Fwp%2Fv2%2Ftags&post=3097"}],"curies":[{"name":"wp","href":"https:\/\/api.w.org\/{rel}","templated":true}]}}