{"id":30955,"date":"2025-09-09T11:30:00","date_gmt":"2025-09-09T14:30:00","guid":{"rendered":"https:\/\/www.semanariolocal.cl\/?p=30955"},"modified":"2025-09-09T21:37:48","modified_gmt":"2025-09-10T00:37:48","slug":"senador-espinoza-por-congelamiento-de-proyectos-lo-considero-inconcebible","status":"publish","type":"post","link":"https:\/\/www.semanariolocal.cl\/?p=30955","title":{"rendered":"Senador Espinoza por congelamiento de proyectos: \u201cLo considero inconcebible\u00bb."},"content":{"rendered":"\n<p><strong><mark style=\"background-color:#abb8c3\" class=\"has-inline-color has-white-color\">09 de septiembre del 2025.-<\/mark> <\/strong>El senador (PS) Fidel Espinoza se refiri\u00f3 a la suspensi\u00f3n de financiamiento para cuatro proyectos de la regi\u00f3n de Los Lagos, debido a la reducci\u00f3n presupuestaria anunciada por el Ministro de Hacienda Nicol\u00e1s Grau, la cual afecta directamente a las gobernaciones regionales.<\/p>\n\n\n\n<p>\u201c<strong><em>No puedo estar de acuerdo<\/em><\/strong><em> con que el Gobierno Regional y los CORE pretendan resolver los problemas presupuestarios mediante una muestra de presi\u00f3n como la que est\u00e1n haciendo, es decir, retrotraer proyectos que ya estaban comprometidos. <strong>Lo considero inconcebible<\/strong>. <strong>La lucha la tenemos que dar en el Parlamento<\/strong>, y el gobernador Santana tiene <strong>parlamentarios que pueden luchar, como yo lo har\u00e9 tambi\u00e9n<\/strong> siendo del oficialismo, para que no hayan recortes significativos para nuestras regiones<\/em>\u201d, asegur\u00f3 el parlamentario.<\/p>\n\n\n\n<p>El senador se\u00f1al\u00f3 que \u201c<strong><em>esto no puede hacerse a costa de proyectos que ya est\u00e1n comprometidos para la ciudadan\u00eda<\/em><\/strong><em>, por m\u00e1s que estos no hayan iniciado su ejecuci\u00f3n. Por eso no particip\u00e9 de la reuni\u00f3n convocada el viernes pasado, porque consideraba que esta es una medida que no corresponde, que no podemos avalar ni tolerar. <strong>No podemos permitir que iniciativas que fueron anunciadas con bombos y platillos se echen por la borda porque hay un reajuste presupuestario<\/strong>. <strong>Voy a luchar en el Parlamento para que eso sea revertido<\/strong>, pero no bajo medidas de este tipo<\/em>\u201d.<\/p>\n\n\n\n<p>\u201c<em>No tengo nada que decir de los CORES que est\u00e1n iniciando su periodo, porque ellos se encontraron con esta situaci\u00f3n. Pero <strong>encuentro una desfachatez algunas declaraciones dadas el d\u00eda de hoy<\/strong>, entre ellos uno de mi propio partido, el se\u00f1or Reyes, que aparece critic\u00e1ndolo todo, cuando <strong>fueron responsables el a\u00f1o pasado directamente del despilfarro de miles de millones de pesos con el caso de las fundaciones<\/strong><\/em>\u201d, puntualiz\u00f3 el parlamentario.<\/p>\n\n\n\n<p>El senador por la regi\u00f3n de Los Lagos finaliz\u00f3 apuntando que \u201c<em>ellos dieron su voto en los proyectos Kim\u00fcn, Participa, para que <strong>2.400 millones de pesos fueran despilfarrados<\/strong>, y hoy hayan investigaciones judiciales abiertas. Hay que tener pudor, se\u00f1or Reyes y todos aquellos consejeros regionales que fueron parte de haber votado a favor de convenios donde <strong>se perdi\u00f3 plata para construir los CESFAM, aguas potables rurales, caminos y tantas otras iniciativas<\/strong> para nuestra regi\u00f3n<\/em>\u201d.<\/p>\n","protected":false},"excerpt":{"rendered":"<p>El parlamentario manifest\u00f3 su preocupaci\u00f3n ante el anuncio del Gobierno Regional de suspender financiamientos ante la reducci\u00f3n del presupuesto destinado a gobernaciones regionales.<\/p>\n","protected":false},"author":1,"featured_media":30956,"comment_status":"closed","ping_status":"closed","sticky":false,"template":"","format":"standard","meta":{"footnotes":""},"categories":[3,2494,9,4419,2495,3816,6,2483],"tags":[2118,337,273,247,133],"class_list":["post-30955","post","type-post","status-publish","format-standard","has-post-thumbnail","hentry","category-al-dia","category-core","category-gobierno","category-gobierno-regional","category-gore","category-partidos-politicos","category-politica","category-region","tag-semanariolocal","tag-informacion","tag-noticias","tag-region-de-los-lagos","tag-semanario-local"],"_links":{"self":[{"href":"https:\/\/www.semanariolocal.cl\/index.php?rest_route=\/wp\/v2\/posts\/30955","targetHints":{"allow":["GET"]}}],"collection":[{"href":"https:\/\/www.semanariolocal.cl\/index.php?rest_route=\/wp\/v2\/posts"}],"about":[{"href":"https:\/\/www.semanariolocal.cl\/index.php?rest_route=\/wp\/v2\/types\/post"}],"author":[{"embeddable":true,"href":"https:\/\/www.semanariolocal.cl\/index.php?rest_route=\/wp\/v2\/users\/1"}],"replies":[{"embeddable":true,"href":"https:\/\/www.semanariolocal.cl\/index.php?rest_route=%2Fwp%2Fv2%2Fcomments&post=30955"}],"version-history":[{"count":1,"href":"https:\/\/www.semanariolocal.cl\/index.php?rest_route=\/wp\/v2\/posts\/30955\/revisions"}],"predecessor-version":[{"id":30957,"href":"https:\/\/www.semanariolocal.cl\/index.php?rest_route=\/wp\/v2\/posts\/30955\/revisions\/30957"}],"wp:featuredmedia":[{"embeddable":true,"href":"https:\/\/www.semanariolocal.cl\/index.php?rest_route=\/wp\/v2\/media\/30956"}],"wp:attachment":[{"href":"https:\/\/www.semanariolocal.cl\/index.php?rest_route=%2Fwp%2Fv2%2Fmedia&parent=30955"}],"wp:term":[{"taxonomy":"category","embeddable":true,"href":"https:\/\/www.semanariolocal.cl\/index.php?rest_route=%2Fwp%2Fv2%2Fcategories&post=30955"},{"taxonomy":"post_tag","embeddable":true,"href":"https:\/\/www.semanariolocal.cl\/index.php?rest_route=%2Fwp%2Fv2%2Ftags&post=30955"}],"curies":[{"name":"wp","href":"https:\/\/api.w.org\/{rel}","templated":true}]}}