{"id":30933,"date":"2025-09-08T08:00:00","date_gmt":"2025-09-08T11:00:00","guid":{"rendered":"https:\/\/www.semanariolocal.cl\/?p=30933"},"modified":"2025-09-09T00:48:19","modified_gmt":"2025-09-09T03:48:19","slug":"con-seminario-sobre-liderazgo-conmemoran-en-osorno-el-dia-internacional-de-la-mujer-indigena","status":"publish","type":"post","link":"https:\/\/www.semanariolocal.cl\/?p=30933","title":{"rendered":"Con seminario sobre liderazgo conmemoran en Osorno el D\u00eda internacional de la mujer ind\u00edgena."},"content":{"rendered":"\n<p><strong><mark style=\"background-color:#abb8c3\" class=\"has-inline-color has-white-color\">08 de Septiembre del 2025.-<\/mark><\/strong> La jornada contempl\u00f3 una serie de actividades que incluy\u00f3 \u00a0un Curso denominado\u00a0<strong>Capacitaci\u00f3n de Lideresas Ind\u00edgenas<\/strong>\u00a0en el transcurso de la ma\u00f1ana \u00a0y\u00a0<strong>Liderazgo como Actora Pol\u00edtica en Latinoam\u00e9rica<\/strong>\u00a0en el transcurso de la tarde, contabilizando un total de 8 horas cronol\u00f3gicas de capacitaci\u00f3n las que permiti\u00f3 certificar a un importante \u00a0n\u00famero de mujeres \u00a0que forman parte de las distintas mesas territoriales del Programa Acci\u00f3n Territorial de Conadi correspondiente a las Provincias de las provincias de Osorno y Llanquihue.<\/p>\n\n\n\n<p>Previo a la certificaci\u00f3n se desarroll\u00f3 un evento art\u00edstico cultural en la que el conocido conjunto musical mapuche huilliche de la zona&nbsp;Wechemapu&nbsp;dirigido por cultor williche Ponciano Rumian sirvi\u00f3 de pre\u00e1mbulo al saludo de las autoridades como la Delegada Provincial Claudia Pailalef, en tanto que en representaci\u00f3n del Director Nacional de Conadi estuvo presente Carmen Gloria O\u00f1ate, jefe de gabinete del Director Nacional. Adem\u00e1s entre los oradores participaron adem\u00e1s Herta Ximena Lican y Mario Inay Mu\u00f1oz, ambos Consejeros Nacionales de Conadi y la Directora Regional Marcela Urbano.<\/p>\n\n\n\n<p>Las autoridades presentes y en sus respectivas intervenciones coincidieron en la necesidad de poner en valor el legado de la mujer ind\u00edgena como guardiana de los saberes ancestrales, transmisora de los valores mapuche huilliche y las tradiciones heredades a las nuevas generaciones. Un trabajo que no ha sido f\u00e1cil pero que \u201cdenota la lucha permanente de la mujer ind\u00edgena para sobreponerse a las adversidades y mantener intacta la cultura ancestral y todo lo que ello representa\u201d, se\u00f1al\u00f3 la Directora Regional Marcela Urbano.<\/p>\n\n\n\n<p>A la actividad conmemorativa central sigui\u00f3 un almuerzo de camarader\u00eda para posteriormente continuar con el taller programado para el resto de la jornada.<\/p>\n","protected":false},"excerpt":{"rendered":"<p>En el Hotel Sonesta de la ciudad de Osorno se desarroll\u00f3 la actividad principal conmemorativa del D\u00eda Internacional de la Mujer Ind\u00edgena este viernes 5 de septiembre.<\/p>\n","protected":false},"author":1,"featured_media":30934,"comment_status":"closed","ping_status":"closed","sticky":false,"template":"","format":"standard","meta":{"footnotes":""},"categories":[3,4586,3608,4338,4400,2483],"tags":[2118,350,4654,337,273,247,133],"class_list":["post-30933","post","type-post","status-publish","format-standard","has-post-thumbnail","hentry","category-al-dia","category-direccion-regional","category-estado","category-organismos-publicos","category-pueblos-originarios","category-region","tag-semanariolocal","tag-conadi","tag-dia-de-la-mujer-indigena-2","tag-informacion","tag-noticias","tag-region-de-los-lagos","tag-semanario-local"],"_links":{"self":[{"href":"https:\/\/www.semanariolocal.cl\/index.php?rest_route=\/wp\/v2\/posts\/30933","targetHints":{"allow":["GET"]}}],"collection":[{"href":"https:\/\/www.semanariolocal.cl\/index.php?rest_route=\/wp\/v2\/posts"}],"about":[{"href":"https:\/\/www.semanariolocal.cl\/index.php?rest_route=\/wp\/v2\/types\/post"}],"author":[{"embeddable":true,"href":"https:\/\/www.semanariolocal.cl\/index.php?rest_route=\/wp\/v2\/users\/1"}],"replies":[{"embeddable":true,"href":"https:\/\/www.semanariolocal.cl\/index.php?rest_route=%2Fwp%2Fv2%2Fcomments&post=30933"}],"version-history":[{"count":2,"href":"https:\/\/www.semanariolocal.cl\/index.php?rest_route=\/wp\/v2\/posts\/30933\/revisions"}],"predecessor-version":[{"id":30936,"href":"https:\/\/www.semanariolocal.cl\/index.php?rest_route=\/wp\/v2\/posts\/30933\/revisions\/30936"}],"wp:featuredmedia":[{"embeddable":true,"href":"https:\/\/www.semanariolocal.cl\/index.php?rest_route=\/wp\/v2\/media\/30934"}],"wp:attachment":[{"href":"https:\/\/www.semanariolocal.cl\/index.php?rest_route=%2Fwp%2Fv2%2Fmedia&parent=30933"}],"wp:term":[{"taxonomy":"category","embeddable":true,"href":"https:\/\/www.semanariolocal.cl\/index.php?rest_route=%2Fwp%2Fv2%2Fcategories&post=30933"},{"taxonomy":"post_tag","embeddable":true,"href":"https:\/\/www.semanariolocal.cl\/index.php?rest_route=%2Fwp%2Fv2%2Ftags&post=30933"}],"curies":[{"name":"wp","href":"https:\/\/api.w.org\/{rel}","templated":true}]}}