{"id":3091,"date":"2021-11-19T10:53:00","date_gmt":"2021-11-19T13:53:00","guid":{"rendered":"https:\/\/www.semanariolocal.cl\/?p=3091"},"modified":"2021-11-19T23:41:14","modified_gmt":"2021-11-20T02:41:14","slug":"instituto-confucio-santo-tomas-celebra-14-anos-de-vida-con-motivadora-charla","status":"publish","type":"post","link":"https:\/\/www.semanariolocal.cl\/?p=3091","title":{"rendered":"Instituto Confucio Santo Tom\u00e1s celebra 14 a\u00f1os de vida con motivadora charla"},"content":{"rendered":"\n<p style=\"font-size:17px\">El domingo 21 de noviembre el Instituto Confucio Santo Tom\u00e1s (IC ST) cumple 14 a\u00f1os desde su creaci\u00f3n, teniendo como contraparte en China a la&nbsp;Universidad de Anhui, se convirti\u00f3 en el primer Instituto Confucio que se abri\u00f3 en Chile y uno de los primeros en Latinoam\u00e9rica.<\/p>\n\n\n\n<p style=\"font-size:17px\">Para conmemorar este aniversario, el IC ST realizar\u00e1 un Webinar el martes 23 de noviembre a las 15:00 horas, donde mostrar\u00e1 el recorrido que se ha realizado desde el a\u00f1o 2007 hasta el d\u00eda de hoy, y en el que adem\u00e1s entregar\u00e1 sus ya tradicionales premios; uno de ellos es el \u201cAporte en la Relaci\u00f3n Chile-China\u201d, que distingue la labor cultural y acad\u00e9mica en pos de las relaciones de amistad entre ambos pa\u00edses, y el otro es el \u201cAlumno Sello IC\u201d que valorar a aquellos estudiantes que han sobresalido en el aprendizaje del idioma y la cultura china.<\/p>\n\n\n\n<p style=\"font-size:17px\">En esta oportunidad, tambi\u00e9n expondr\u00e1 el actual C\u00f3nsul General de Chile en Nueva York, Mario Ignacio Artaza, quien desarrollar\u00e1 el tema \u00ab\u00bfPor qu\u00e9 China nos debe importar?\u00bb, donde abordar\u00e1 la relaci\u00f3n comprensiva que ha llegado a construir Chile con la Rep\u00fablica Popular China, junto a los diversos escenarios locales, bilaterales, regionales y globales que se despliegan actualmente, cuyo plan de acci\u00f3n est\u00e1 centrado en las personas, la cooperaci\u00f3n y la paz.<\/p>\n\n\n\n<p style=\"font-size:17px\">CONCURSO DE FOTOGRAF\u00cdAS<\/p>\n\n\n\n<p style=\"font-size:17px\">Durante el Webinar se premiar\u00e1, adem\u00e1s, a las o los ganadores del concurso de fotograf\u00eda que la entidad desarroll\u00f3 con motivo del aniversario, en el cual, los participantes enviaron una fotograf\u00eda de s\u00ed mismo con actividades relacionadas con China, o con el IC ST.<\/p>\n\n\n\n<p style=\"font-size:17px\">La selecci\u00f3n de los tres primeros lugares ser\u00e1 mediante elecci\u00f3n popular en Facebook; para votar se puede hacer clic ac\u00e1 https:\/\/bit.ly\/VotaFotoAniversarioICST, y seleccionar la o las fotograf\u00edas que m\u00e1s les agraden, a trav\u00e9s de las reacciones positivas (me gusta, me encanta y\/o me importa) hasta el 22 de noviembre a las 23:59 horas.<\/p>\n\n\n\n<p style=\"font-size:17px\">Durante todos estos a\u00f1os, el Instituto Confucio ST se ha transformado en uno de los referentes en la difusi\u00f3n del idioma y la cultura china en nuestro pa\u00eds, en colaboraci\u00f3n con la Embajada de China en Chile y otras instituciones, empresas y profesionales afines, ofreciendo no s\u00f3lo cursos online (dada la contingencia actual), sino tambi\u00e9n una amplia gama de actividades culturales gratuitas y abiertas a todo p\u00fablico, realizadas tambi\u00e9n por esa v\u00eda.<\/p>\n\n\n\n<p style=\"font-size:17px\">Gracias a sus clases virtuales el instituto ha duplicado sus inscripciones, pasando de tener 730 estudiantes de manera presencial en 2019, a m\u00e1s de 1500 durante el presente a\u00f1o, que se conectan desde las 16 regiones de Chile y desde 8 pa\u00edses; contando con un staff de 23 docentes entre ellos a nativos chinos, chilenos y extranjeros certificados, que imparten sus clases desde Chile, China, M\u00e9xico y Colombia, entre otros.&nbsp;&nbsp;&nbsp;<\/p>\n\n\n\n<p style=\"font-size:17px\">Quienes deseen inscribirse en este webinar podr\u00e1n hacerlo en <a href=\"about:blank\">https:\/\/bit.ly\/Inscripcion14AniversarioICST<\/a>; <strong>&nbsp;<\/strong>adem\u00e1s podr\u00e1n seguirlo en el Facebook Live de la entidad en @ConfucioUST.<\/p>\n","protected":false},"excerpt":{"rendered":"<p>La exposici\u00f3n tiene por tema \u00ab\u00bfPor qu\u00e9 China nos debe importar?\u00bb y ser\u00e1 parte de una jornada que adem\u00e1s contar\u00e1 con un catastro de lo realizado durante estos a\u00f1os.<\/p>\n","protected":false},"author":1,"featured_media":3092,"comment_status":"closed","ping_status":"closed","sticky":false,"template":"","format":"standard","meta":{"footnotes":""},"categories":[11],"tags":[],"class_list":["post-3091","post","type-post","status-publish","format-standard","has-post-thumbnail","hentry","category-educacion"],"_links":{"self":[{"href":"https:\/\/www.semanariolocal.cl\/index.php?rest_route=\/wp\/v2\/posts\/3091","targetHints":{"allow":["GET"]}}],"collection":[{"href":"https:\/\/www.semanariolocal.cl\/index.php?rest_route=\/wp\/v2\/posts"}],"about":[{"href":"https:\/\/www.semanariolocal.cl\/index.php?rest_route=\/wp\/v2\/types\/post"}],"author":[{"embeddable":true,"href":"https:\/\/www.semanariolocal.cl\/index.php?rest_route=\/wp\/v2\/users\/1"}],"replies":[{"embeddable":true,"href":"https:\/\/www.semanariolocal.cl\/index.php?rest_route=%2Fwp%2Fv2%2Fcomments&post=3091"}],"version-history":[{"count":1,"href":"https:\/\/www.semanariolocal.cl\/index.php?rest_route=\/wp\/v2\/posts\/3091\/revisions"}],"predecessor-version":[{"id":3093,"href":"https:\/\/www.semanariolocal.cl\/index.php?rest_route=\/wp\/v2\/posts\/3091\/revisions\/3093"}],"wp:featuredmedia":[{"embeddable":true,"href":"https:\/\/www.semanariolocal.cl\/index.php?rest_route=\/wp\/v2\/media\/3092"}],"wp:attachment":[{"href":"https:\/\/www.semanariolocal.cl\/index.php?rest_route=%2Fwp%2Fv2%2Fmedia&parent=3091"}],"wp:term":[{"taxonomy":"category","embeddable":true,"href":"https:\/\/www.semanariolocal.cl\/index.php?rest_route=%2Fwp%2Fv2%2Fcategories&post=3091"},{"taxonomy":"post_tag","embeddable":true,"href":"https:\/\/www.semanariolocal.cl\/index.php?rest_route=%2Fwp%2Fv2%2Ftags&post=3091"}],"curies":[{"name":"wp","href":"https:\/\/api.w.org\/{rel}","templated":true}]}}