{"id":30846,"date":"2025-09-03T11:20:00","date_gmt":"2025-09-03T15:20:00","guid":{"rendered":"https:\/\/www.semanariolocal.cl\/?p=30846"},"modified":"2025-09-04T01:24:10","modified_gmt":"2025-09-04T05:24:10","slug":"familias-de-acogida-una-oportunidad-de-amor","status":"publish","type":"post","link":"https:\/\/www.semanariolocal.cl\/?p=30846","title":{"rendered":"Familias de Acogida: Una oportunidad de amor"},"content":{"rendered":"\n<p><strong><mark style=\"background-color:#abb8c3\" class=\"has-inline-color has-white-color\">01 de setiembre del 2025.- <\/mark><\/strong> Intentar\u00e9 hacerlo a trav\u00e9s de tres historias basadas en hechos reales. He modificado algunos datos para proteger la identidad de cada ni\u00f1o y su familia.<\/p>\n\n\n\n<p>Esperanza tiene 10 meses. Pas\u00f3 los primeros seis hospitalizada, cuidada con mucho cari\u00f1o por el equipo de salud. Su familia de origen nunca fue a verla. Desde hace cuatro meses vive con una profesional de salud, su familia de acogida. Es un acogimiento monoparental, con una red de apoyo compuesta por los padres de la cuidadora y un grupo de amigas. Esperanza naci\u00f3 con complicaciones m\u00e9dicas, y al principio, hab\u00eda pocas expectativas sobre su desarrollo. Hoy est\u00e1 por dar sus primeros pasos, responde a est\u00edmulos y sonr\u00ede con gracia si uno logra su atenci\u00f3n. Pronto, probablemente, se iniciar\u00e1 el proceso de declararla susceptible de adopci\u00f3n.<\/p>\n\n\n\n<p>Jos\u00e9 tiene 1 a\u00f1o y 2 meses. Los primeros cuatro los pas\u00f3 en un hospital, con varios diagn\u00f3sticos complejos debido a su prematurez y al consumo de drogas durante su gestaci\u00f3n. Sus progenitores mantienen consumo problem\u00e1tico y escaso inter\u00e9s por \u00e9l. Desde hace 11 meses vive con una pareja joven, sin hijos, que lleg\u00f3 a postular con muchas dudas. Les dijeron que el ni\u00f1o dif\u00edcilmente caminar\u00eda y que no lograr\u00eda establecer v\u00ednculos. Hoy, gracias a ellos y a la Telet\u00f3n, Jos\u00e9 es un torbellino de energ\u00eda: juega sin parar, se asombra con todo. Recibe visitas de sus abuelas, qui\u00e9nes han dicho no poder hacerse cargo. Estamos evaluando a otros familiares antes de iniciar la susceptibilidad de adopci\u00f3n.<\/p>\n\n\n\n<p>Andr\u00e9s tiene 2 a\u00f1os. Hace 10 meses fue acogido por una familia tras vivir en una residencia. Su familia de origen ha expresado que no puede asumir sus cuidados. Andr\u00e9s tiene algunas necesidades especiales de salud. Hoy vive con una madre, un padre y dos hermanas de acogida. Cuando lleg\u00f3, casi no sonre\u00eda, no lloraba y su mirada se perd\u00eda en el vac\u00edo. Hoy r\u00ede, juega sin parar con sus hermanas -ambas estudiantes de educaci\u00f3n superior- y cuando se golpea, llora, busca consuelo\u2026 y se deja abrazar. Su risa es muy contagiosa. Ya se inici\u00f3 el proceso de susceptibilidad de adopci\u00f3n.<\/p>\n\n\n\n<p>Esperanza, Jos\u00e9 y Andr\u00e9s est\u00e1n teniendo una vida buena. No f\u00e1cil, pero buena. Han enfrentado mucho desde que nacieron, pero el programa de Familias de Acogida no solo ha transformado sus vidas: tambi\u00e9n ha cambiado la de tres familias, distintas entre s\u00ed, pero unidas por un hilo invisible que nace del deseo de cambiar la historia de estos peque\u00f1os.<\/p>\n\n\n\n<p>En un pa\u00eds donde tantas veces faltan respuestas, hay personas que eligen ser la respuesta.<\/p>\n\n\n\n<p>Porque ser Familia de Acogida no es tener todas las certezas, es simplemente decir: \u201caqu\u00ed est\u00e1s seguro, aqu\u00ed eres querido, aqu\u00ed puedes volver a empezar\u201d.<\/p>\n\n\n\n<p><strong>Claudio Castillo, Director Nacional del Servicio de Protecci\u00f3n Especializada a la Ni\u00f1ez y Adolescencia.<\/strong><\/p>\n","protected":false},"excerpt":{"rendered":"<p>A veces no es f\u00e1cil poner en palabras lo que significa para un ni\u00f1o o ni\u00f1a estar en una Familia de Acogida. <\/p>\n","protected":false},"author":1,"featured_media":30847,"comment_status":"closed","ping_status":"closed","sticky":false,"template":"","format":"standard","meta":{"footnotes":""},"categories":[3,3608,4161,4338,4401,3528],"tags":[2118,4628,337,273,113,247,133],"class_list":["post-30846","post","type-post","status-publish","format-standard","has-post-thumbnail","hentry","category-al-dia","category-estado","category-familia","category-organismos-publicos","category-primera-infancia","category-servicios-publicos","tag-semanariolocal","tag-claudio-castillo","tag-informacion","tag-noticias","tag-puerto-montt","tag-region-de-los-lagos","tag-semanario-local"],"_links":{"self":[{"href":"https:\/\/www.semanariolocal.cl\/index.php?rest_route=\/wp\/v2\/posts\/30846","targetHints":{"allow":["GET"]}}],"collection":[{"href":"https:\/\/www.semanariolocal.cl\/index.php?rest_route=\/wp\/v2\/posts"}],"about":[{"href":"https:\/\/www.semanariolocal.cl\/index.php?rest_route=\/wp\/v2\/types\/post"}],"author":[{"embeddable":true,"href":"https:\/\/www.semanariolocal.cl\/index.php?rest_route=\/wp\/v2\/users\/1"}],"replies":[{"embeddable":true,"href":"https:\/\/www.semanariolocal.cl\/index.php?rest_route=%2Fwp%2Fv2%2Fcomments&post=30846"}],"version-history":[{"count":1,"href":"https:\/\/www.semanariolocal.cl\/index.php?rest_route=\/wp\/v2\/posts\/30846\/revisions"}],"predecessor-version":[{"id":30848,"href":"https:\/\/www.semanariolocal.cl\/index.php?rest_route=\/wp\/v2\/posts\/30846\/revisions\/30848"}],"wp:featuredmedia":[{"embeddable":true,"href":"https:\/\/www.semanariolocal.cl\/index.php?rest_route=\/wp\/v2\/media\/30847"}],"wp:attachment":[{"href":"https:\/\/www.semanariolocal.cl\/index.php?rest_route=%2Fwp%2Fv2%2Fmedia&parent=30846"}],"wp:term":[{"taxonomy":"category","embeddable":true,"href":"https:\/\/www.semanariolocal.cl\/index.php?rest_route=%2Fwp%2Fv2%2Fcategories&post=30846"},{"taxonomy":"post_tag","embeddable":true,"href":"https:\/\/www.semanariolocal.cl\/index.php?rest_route=%2Fwp%2Fv2%2Ftags&post=30846"}],"curies":[{"name":"wp","href":"https:\/\/api.w.org\/{rel}","templated":true}]}}