{"id":30815,"date":"2025-08-29T18:47:21","date_gmt":"2025-08-29T22:47:21","guid":{"rendered":"https:\/\/www.semanariolocal.cl\/?p=30815"},"modified":"2025-08-29T18:47:22","modified_gmt":"2025-08-29T22:47:22","slug":"listo-en-osorno-equipo-de-trabajo-provincial-de-candidata-presidencial-jeannette-jara","status":"publish","type":"post","link":"https:\/\/www.semanariolocal.cl\/?p=30815","title":{"rendered":"Listo en Osorno Equipo de trabajo provincial de Candidata Presidencial Jeannette Jara"},"content":{"rendered":"\n<p><strong><mark style=\"background-color:#abb8c3\" class=\"has-inline-color has-white-color\">29 de Agosto del 2025.- <\/mark><\/strong>El comando provincial de la candidatura presidencial de <strong>Jeannette Jara <\/strong>inform\u00f3 este viernes sobre la pr\u00f3xima visita de la abanderada a la ciudad de Osorno, programada para el <strong>martes 2 de septiembre, a las 18:30 horas en la Plaza Yungay, <\/strong>donde encabezar\u00e1 un encuentro ciudadano abierto a toda la comunidad.<\/p>\n\n\n\n<p>La actividad forma parte de la agenda territorial de la candidata, que busca recoger las principales inquietudes de la ciudadan\u00eda y dar a conocer sus propuestas de gobierno en las distintas regiones del pa\u00eds.<\/p>\n\n\n\n<p>Durante el primer punto de prensa de la organizaci\u00f3n, se present\u00f3 oficialmente el comando provincial en Osorno, que tendr\u00e1 a Herta Lic\u00e1n (PS) y Josefa R\u00edos (JJCC) como voceras. El espacio re\u00fane a representantes de partidos pol\u00edticos de la alianza que respalda a Jeannette Jara \u2014Partido Comunista, Partido Radical, Partido Socialista, Partido Liberal, Partido por la Democracia, Democracia Cristiana, Frente Amplio, Federaci\u00f3n Regionalista Verde Social y Partido Acci\u00f3n Humanista\u2014 junto a organizaciones civiles como la CUT, la UCCA y la Corporaci\u00f3n S. XXI, adem\u00e1s de independientes.<\/p>\n\n\n\n<p>Desde el comando destacaron que la conformaci\u00f3n de este equipo provincial permitir\u00e1 coordinar las actividades de campa\u00f1a en la zona y reforzar el trabajo de vinculaci\u00f3n con la ciudadan\u00eda.<\/p>\n\n\n\n<p>La jornada de este martes 2 de septiembre ser\u00e1 la primera visita de la candidata presidencial Jeannette Jara a la provincia de Osorno en el marco de su campa\u00f1a, marcando un hito en el inicio de sus encuentros ciudadanos en el sur del pa\u00eds.<\/p>\n","protected":false},"excerpt":{"rendered":"<p>Visita de la candidata presidencial Jeannette Jara a la ciudad de Osorno esta programada para el martes 2 de septiembre a las 18:30 horas en la Plaza Yungay.<\/p>\n","protected":false},"author":1,"featured_media":30816,"comment_status":"closed","ping_status":"closed","sticky":false,"template":"","format":"standard","meta":{"footnotes":""},"categories":[3,8,4436,3816,6,2483],"tags":[2118,4626,337,273,132,604,247,133],"class_list":["post-30815","post","type-post","status-publish","format-standard","has-post-thumbnail","hentry","category-al-dia","category-comunas","category-elecciones-y-candidatos","category-partidos-politicos","category-politica","category-region","tag-semanariolocal","tag-comando-jeannette-jara","tag-informacion","tag-noticias","tag-osorno","tag-partido-comunista-pc","tag-region-de-los-lagos","tag-semanario-local"],"_links":{"self":[{"href":"https:\/\/www.semanariolocal.cl\/index.php?rest_route=\/wp\/v2\/posts\/30815","targetHints":{"allow":["GET"]}}],"collection":[{"href":"https:\/\/www.semanariolocal.cl\/index.php?rest_route=\/wp\/v2\/posts"}],"about":[{"href":"https:\/\/www.semanariolocal.cl\/index.php?rest_route=\/wp\/v2\/types\/post"}],"author":[{"embeddable":true,"href":"https:\/\/www.semanariolocal.cl\/index.php?rest_route=\/wp\/v2\/users\/1"}],"replies":[{"embeddable":true,"href":"https:\/\/www.semanariolocal.cl\/index.php?rest_route=%2Fwp%2Fv2%2Fcomments&post=30815"}],"version-history":[{"count":1,"href":"https:\/\/www.semanariolocal.cl\/index.php?rest_route=\/wp\/v2\/posts\/30815\/revisions"}],"predecessor-version":[{"id":30817,"href":"https:\/\/www.semanariolocal.cl\/index.php?rest_route=\/wp\/v2\/posts\/30815\/revisions\/30817"}],"wp:featuredmedia":[{"embeddable":true,"href":"https:\/\/www.semanariolocal.cl\/index.php?rest_route=\/wp\/v2\/media\/30816"}],"wp:attachment":[{"href":"https:\/\/www.semanariolocal.cl\/index.php?rest_route=%2Fwp%2Fv2%2Fmedia&parent=30815"}],"wp:term":[{"taxonomy":"category","embeddable":true,"href":"https:\/\/www.semanariolocal.cl\/index.php?rest_route=%2Fwp%2Fv2%2Fcategories&post=30815"},{"taxonomy":"post_tag","embeddable":true,"href":"https:\/\/www.semanariolocal.cl\/index.php?rest_route=%2Fwp%2Fv2%2Ftags&post=30815"}],"curies":[{"name":"wp","href":"https:\/\/api.w.org\/{rel}","templated":true}]}}