{"id":30753,"date":"2025-08-25T10:00:00","date_gmt":"2025-08-25T14:00:00","guid":{"rendered":"https:\/\/www.semanariolocal.cl\/?p=30753"},"modified":"2025-08-25T23:17:43","modified_gmt":"2025-08-26T03:17:43","slug":"anuncian-nuevo-servicio-de-transporte-rural-en-san-juan-de-la-costa","status":"publish","type":"post","link":"https:\/\/www.semanariolocal.cl\/?p=30753","title":{"rendered":"Anuncian nuevo servicio de transporte rural en San Juan de la Costa"},"content":{"rendered":"\n<p><strong><mark style=\"background-color:#abb8c3\" class=\"has-inline-color has-white-color\">25 de agosto de 2025.-<\/mark> <\/strong>El subsecretario de Transportes, Jorge Daza, junto a la delegada presidencial de la provincia de Osorno, Claudia Pailalef, y el alcalde de San Juan de la Costa, Jos\u00e9 Luis Mu\u00f1oz, present\u00f3 un nuevo servicio de transporte p\u00fablico rural subsidiado para la comuna, que, a partir del 1 de septiembre, beneficiar\u00e1 principalmente a comunidades ind\u00edgenas con dos recorridos que conectar\u00e1n diferentes localidades de la zona con Osorno.<\/p>\n\n\n\n<p>La presentaci\u00f3n se realiz\u00f3 en la sede de la Comunidad Antu Wil\u00ebf de la localidad de Anchiqueumo, donde las autoridades se reunieron con vecinos y vecinas que ser\u00e1n favorecidas con esta iniciativa desarrollada por el Ministerio de Transportes y Telecomunicaciones (MTT), cuya pr\u00f3xima implementaci\u00f3n otorgar\u00e1 conectividad a servicios de salud, educaci\u00f3n, abastecimiento y tr\u00e1mites.<\/p>\n\n\n\n<p>El servicio operar\u00e1 con dos trayectos. Uno conectar\u00e1 lunes, viernes y s\u00e1bado a las localidades de Quitra Quitra y Anchiqueumo con Osorno, con salidas a las 05:00 y 15:30 horas, y el otro unir\u00e1 Purranquil con Puaucho los mi\u00e9rcoles, con viajes a las 07:00 y 13:00 horas. Ambos recorridos, que funcionar\u00e1n todo el a\u00f1o, contar\u00e1n con gratuidad para adultos mayores, estudiantes de educaci\u00f3n b\u00e1sica y personas con discapacidad. Las tarifas generales, en tanto, ir\u00e1n desde los $800 a $1.200, seg\u00fan el tramo.<\/p>\n\n\n\n<p>El subsecretario Jorge Daza se\u00f1al\u00f3 que \u201ceste anuncio que hemos venido a realizar personalmente a las comunidades beneficiadas representa mucho m\u00e1s que una mejora en el transporte, es un hecho concreto que demuestra nuestro compromiso como Gobierno con la equidad territorial, a trav\u00e9s de la implementaci\u00f3n de soluciones reales desde el Estado para generar mayor bienestar y oportunidades de desarrollo a nuestros compatriotas que habitan en sectores rurales o aislados. Por eso, estamos tan contentos de estar hoy en terreno compartiendo esta excelente noticia con la comunidad de Anchiqueumo. Desde nuestro ministerio, vamos a continuar avanzando para lograr cada vez mayor cobertura de transporte p\u00fablico en la regi\u00f3n de Los Lagos y en todo el pa\u00eds\u201d.<\/p>\n\n\n\n<p>La delegada Claudia Pailalef se\u00f1al\u00f3 que \u201ceste nuevo servicio permitir\u00e1 conectar los sectores de Anchiqueumo, Planch\u00f3n, Putrihue y otros con Puaucho y la ciudad de Osorno, facilitando el acceso a servicios tan fundamentales como la salud, particularmente en la comuna de San Juan de la Costa y el Hospital Base de Osorno. Como Gobierno del presidente Gabriel Boric, creemos que este tipo de iniciativas representan un acto concreto de justicia territorial y equidad social\u201d.<\/p>\n\n\n\n<p>El alcalde Jos\u00e9 Luis Mu\u00f1oz, en tanto, destac\u00f3 que \u201cpor primera vez un servicio subsidiado por el Ministerio de Transportes va a poder conectar directamente nuestra comuna con la localidad de Puaucho, directamente con el municipio. Esa es una tremenda noticia, porque lo que hace es rebajar el costo del pasaje, liberar el pago para adultos mayores, adem\u00e1s de rebajar el costo para los estudiantes y personas con discapacidad. Por lo tanto, esto representa un tremendo avance\u201d.<\/p>\n\n\n\n<p>El contrato tendr\u00e1 una duraci\u00f3n de 24 meses, con opci\u00f3n de pr\u00f3rroga de hasta 12 meses, y contempla un bus con capacidad para 37 pasajeros. El subsidio del MTT ser\u00e1 de $31.680.000 anuales.<\/p>\n\n\n\n<p><strong>RECORRIDOS<\/strong><\/p>\n\n\n\n<figure class=\"wp-block-table\"><table class=\"has-fixed-layout\"><tbody><tr><td><strong>Ruta<\/strong><\/td><td><strong>Recorrido Ida<\/strong><\/td><td><strong>Recorrido Regreso<\/strong><\/td><\/tr><tr><td><strong>1<\/strong><\/td><td>Quitra Quitra(Cementerio)-Purranquil \u2013 Planch\u00f3n &#8211; Panguimapu Alto (Cruce Modesto Silva) \u2013 Putrihue Norte &#8211; Chamilco &#8211; Anchiqueumo &#8211; Cruce Cancha Larga-Osorno<\/td><td>Osorno-Cruce Cancha Larga-Anchiqueumo-Chamilco-Putrihue Norte-Panguimapu Alto(Cruce Modesto Silva)-Planch\u00f3n-Purranquil-Quitra Quitra(Cementerio)<\/td><\/tr><tr><td><strong>2<\/strong><\/td><td>Purranquil(Garita) \u2013 Guali \u2013 Planch\u00f3n &#8211; Panguimapu Alto(Cruce Modesto Silva) &#8211; Putrihue Norte &#8211; Chamilco &#8211; Anchiqueumo &#8211; Hospital Intercultural F\u00fcta Shuka-Puaucho<\/td><td>Puaucho- Hospital Intercultural F\u00fcta Shuka-Anchiqueumo-Chamilco-Putrihue Norte-Panguimapu Alto(Cruce Modesto Silva)-Planch\u00f3n-Guali-Purranquil(Garita)<\/td><\/tr><\/tbody><\/table><\/figure>\n","protected":false},"excerpt":{"rendered":"<p>La presentaci\u00f3n se realiz\u00f3 en la sede de la Comunidad Antu Wil\u00ebf de la localidad de Anchiqueumo, donde las autoridades se reunieron con vecinos y vecinas que ser\u00e1n favorecidas con esta iniciativa. <\/p>\n","protected":false},"author":1,"featured_media":30754,"comment_status":"closed","ping_status":"closed","sticky":false,"template":"","format":"standard","meta":{"footnotes":""},"categories":[3,8,4400,4362,4356],"tags":[2118,337,3551,273,247,136,133],"class_list":["post-30753","post","type-post","status-publish","format-standard","has-post-thumbnail","hentry","category-al-dia","category-comunas","category-pueblos-originarios","category-san-juan-de-la-costa","category-transporte","tag-semanariolocal","tag-informacion","tag-jose-luis-munoz-2","tag-noticias","tag-region-de-los-lagos","tag-san-juan-de-la-costa","tag-semanario-local"],"_links":{"self":[{"href":"https:\/\/www.semanariolocal.cl\/index.php?rest_route=\/wp\/v2\/posts\/30753","targetHints":{"allow":["GET"]}}],"collection":[{"href":"https:\/\/www.semanariolocal.cl\/index.php?rest_route=\/wp\/v2\/posts"}],"about":[{"href":"https:\/\/www.semanariolocal.cl\/index.php?rest_route=\/wp\/v2\/types\/post"}],"author":[{"embeddable":true,"href":"https:\/\/www.semanariolocal.cl\/index.php?rest_route=\/wp\/v2\/users\/1"}],"replies":[{"embeddable":true,"href":"https:\/\/www.semanariolocal.cl\/index.php?rest_route=%2Fwp%2Fv2%2Fcomments&post=30753"}],"version-history":[{"count":2,"href":"https:\/\/www.semanariolocal.cl\/index.php?rest_route=\/wp\/v2\/posts\/30753\/revisions"}],"predecessor-version":[{"id":30757,"href":"https:\/\/www.semanariolocal.cl\/index.php?rest_route=\/wp\/v2\/posts\/30753\/revisions\/30757"}],"wp:featuredmedia":[{"embeddable":true,"href":"https:\/\/www.semanariolocal.cl\/index.php?rest_route=\/wp\/v2\/media\/30754"}],"wp:attachment":[{"href":"https:\/\/www.semanariolocal.cl\/index.php?rest_route=%2Fwp%2Fv2%2Fmedia&parent=30753"}],"wp:term":[{"taxonomy":"category","embeddable":true,"href":"https:\/\/www.semanariolocal.cl\/index.php?rest_route=%2Fwp%2Fv2%2Fcategories&post=30753"},{"taxonomy":"post_tag","embeddable":true,"href":"https:\/\/www.semanariolocal.cl\/index.php?rest_route=%2Fwp%2Fv2%2Ftags&post=30753"}],"curies":[{"name":"wp","href":"https:\/\/api.w.org\/{rel}","templated":true}]}}