{"id":3074,"date":"2021-11-15T07:20:00","date_gmt":"2021-11-15T10:20:00","guid":{"rendered":"https:\/\/www.semanariolocal.cl\/?p=3074"},"modified":"2021-11-16T23:24:02","modified_gmt":"2021-11-17T02:24:02","slug":"sag-y-mercado-libre-vigilaran-venta-de-medicamentos-veterinarios","status":"publish","type":"post","link":"https:\/\/www.semanariolocal.cl\/?p=3074","title":{"rendered":"SAG y Mercado Libre vigilar\u00e1n venta de medicamentos veterinarios"},"content":{"rendered":"\n<p style=\"font-size:17px\">Para hacer una vigilancia m\u00e1s estrecha a la venta de medicamentos veterinarios a trav\u00e9s de internet, el Servicio Agr\u00edcola y Ganadero (SAG) firm\u00f3 un convenio de colaboraci\u00f3n con la plataforma de comercio electr\u00f3nico Mercado Libre, con el fin de aunar esfuerzos en lo relativo al control y vigilancia de los productos farmac\u00e9uticos veterinarios que se ofrecen a trav\u00e9s de este popular portal de compra y venta.<\/p>\n\n\n\n<p style=\"font-size:17px\">\u201cConsiderando que adquirir todo tipo de productos por internet se ha vuelto algo cada vez m\u00e1s com\u00fan y la gente recurre a la web buscando todo tipo de insumos, como SAG hemos visto necesario trabajar en conjunto con plataformas tan importante para el comercio electr\u00f3nico como Mercado Libre. As\u00ed a trav\u00e9s de esta alianza podremos potenciar la fiscalizaci\u00f3n que se realiza al expendio de productos regulados como son los medicamentos veterinarios, muchos de ellos de uso exclusivo por parte de profesionales que ejercen la medicina veterinaria\u201d, explic\u00f3 Horacio B\u00f3rquez, Director Nacional del SAG.<\/p>\n\n\n\n<p style=\"font-size:17px\">Por su parte Alan Mayer, Director General del sitio de&nbsp;<em>ecommerce,<\/em>&nbsp;se\u00f1al\u00f3 que \u201cel compromiso de Mercado Libre es ofrecer un sitio limpio y seguro, en donde los art\u00edculos ofrecidos por los usuarios vendedores cumplan con la normativa vigente. Buscamos la mejora continua para crear una plataforma de&nbsp;<em>ecommerce<\/em>&nbsp;de acuerdo a nuestros valores corporativos que respete el cumplimiento de las normas y cuide la salud animal\u201d.<\/p>\n\n\n\n<p style=\"font-size:17px\">En el marco del convenio, Mercado Libre pondr\u00e1 a disposici\u00f3n del SAG diversos canales y soluciones para que la autoridad pueda denunciar y lograr la remoci\u00f3n de publicaciones de medicamentos veterinarios publicados por usuarios en la plataforma, que infrinjan la normativa vigente.<\/p>\n\n\n\n<p style=\"font-size:17px\">Este acuerdo profundiza en los distintos esfuerzos que Mercado Libre viene realizando en materia de construir v\u00ednculos a trav\u00e9s de la confianza con sus usuarios y la sociedad en general. De hecho, hace algunas semanas, el sitio&nbsp;<em>ecommerce<\/em>&nbsp;present\u00f3 su segundo Reporte de Transparencia (con cifras de enero a junio de 2021), donde se ampli\u00f3 el alcance de la informaci\u00f3n a disposici\u00f3n de usuarios, autoridades y organizaciones de la sociedad civil. En este reporte, por primera vez, informan la cantidad de requerimientos de informaci\u00f3n de autoridades que se procesan; y se actualiz\u00f3 informaci\u00f3n sobre la seguridad de los productos y plataformas, la protecci\u00f3n de los derechos de propiedad intelectual y la gesti\u00f3n responsable y segura de los datos personales de los usuarios. Toda la informaci\u00f3n asociada puede encontrarse&nbsp;<a href=\"https:\/\/nam10.safelinks.protection.outlook.com\/?url=https%3A%2F%2Fwww.mercadolibre.cl%2Finstitucional%2Fcomunicamos%2Fnoticias%2Fsegundo-reporte-de-transparencia&amp;data=04%7C01%7Cximena.pino%40sag.gob.cl%7C48143306725e4bd01e6d08d9a8539026%7C77ecda755864422aa5356ea67154029c%7C0%7C0%7C637725899129190612%7CUnknown%7CTWFpbGZsb3d8eyJWIjoiMC4wLjAwMDAiLCJQIjoiV2luMzIiLCJBTiI6Ik1haWwiLCJXVCI6Mn0%3D%7C3000&amp;sdata=HDnxDUTsf70pVZiPLda5zkH7tBqFJRZ8ywk05A2eji4%3D&amp;reserved=0\" target=\"_blank\" rel=\"noreferrer noopener\">aqu\u00ed<\/a>.<\/p>\n","protected":false},"excerpt":{"rendered":"<p>Para hacer una vigilancia m\u00e1s estrecha a la venta de medicamentos veterinarios a trav\u00e9s de internet, el Servicio Agr\u00edcola y Ganadero (SAG) firm\u00f3 un convenio de colaboraci\u00f3n con la plataforma de comercio electr\u00f3nico Mercado Libre, con el fin de aunar esfuerzos en lo relativo al control y vigilancia de los productos farmac\u00e9uticos veterinarios que se&#8230;<a class=\"btnReadMore\" href=\"https:\/\/www.semanariolocal.cl\/?p=3074\"> Leer M\u00e1s<\/a><\/p>\n","protected":false},"author":1,"featured_media":3075,"comment_status":"closed","ping_status":"closed","sticky":false,"template":"","format":"standard","meta":{"footnotes":""},"categories":[3,12],"tags":[],"class_list":["post-3074","post","type-post","status-publish","format-standard","has-post-thumbnail","hentry","category-al-dia","category-economia"],"_links":{"self":[{"href":"https:\/\/www.semanariolocal.cl\/index.php?rest_route=\/wp\/v2\/posts\/3074","targetHints":{"allow":["GET"]}}],"collection":[{"href":"https:\/\/www.semanariolocal.cl\/index.php?rest_route=\/wp\/v2\/posts"}],"about":[{"href":"https:\/\/www.semanariolocal.cl\/index.php?rest_route=\/wp\/v2\/types\/post"}],"author":[{"embeddable":true,"href":"https:\/\/www.semanariolocal.cl\/index.php?rest_route=\/wp\/v2\/users\/1"}],"replies":[{"embeddable":true,"href":"https:\/\/www.semanariolocal.cl\/index.php?rest_route=%2Fwp%2Fv2%2Fcomments&post=3074"}],"version-history":[{"count":1,"href":"https:\/\/www.semanariolocal.cl\/index.php?rest_route=\/wp\/v2\/posts\/3074\/revisions"}],"predecessor-version":[{"id":3076,"href":"https:\/\/www.semanariolocal.cl\/index.php?rest_route=\/wp\/v2\/posts\/3074\/revisions\/3076"}],"wp:featuredmedia":[{"embeddable":true,"href":"https:\/\/www.semanariolocal.cl\/index.php?rest_route=\/wp\/v2\/media\/3075"}],"wp:attachment":[{"href":"https:\/\/www.semanariolocal.cl\/index.php?rest_route=%2Fwp%2Fv2%2Fmedia&parent=3074"}],"wp:term":[{"taxonomy":"category","embeddable":true,"href":"https:\/\/www.semanariolocal.cl\/index.php?rest_route=%2Fwp%2Fv2%2Fcategories&post=3074"},{"taxonomy":"post_tag","embeddable":true,"href":"https:\/\/www.semanariolocal.cl\/index.php?rest_route=%2Fwp%2Fv2%2Ftags&post=3074"}],"curies":[{"name":"wp","href":"https:\/\/api.w.org\/{rel}","templated":true}]}}