{"id":3068,"date":"2021-11-15T10:54:00","date_gmt":"2021-11-15T13:54:00","guid":{"rendered":"https:\/\/www.semanariolocal.cl\/?p=3068"},"modified":"2021-11-16T23:03:17","modified_gmt":"2021-11-17T02:03:17","slug":"proyecto-chiloe-geologico-abre-convocatoria-para-distribuir-libro-ilustrado","status":"publish","type":"post","link":"https:\/\/www.semanariolocal.cl\/?p=3068","title":{"rendered":"Proyecto Chilo\u00e9 Geol\u00f3gico abre convocatoria para distribuir Libro Ilustrado"},"content":{"rendered":"\n<p style=\"font-size:17px\">El equipo del Proyecto Chilo\u00e9 Geol\u00f3gico invita a la comunidad de la regi\u00f3n de Los Lagos a participar de la postulaci\u00f3n para obtener el <em>libro ilustrado \u00bfC\u00f3mo se form\u00f3? Chilo\u00e9<\/em>, proyecto financiado por el Ministerio de Ciencias, Tecnolog\u00eda Conocimiento e Innovaci\u00f3n y coordinado por los ge\u00f3logos Melissa Gonz\u00e1lez Subiabre y Guido Gonz\u00e1lez Subiabre, hermanos de la comuna de Achao de la Isla de Chilo\u00e9.<\/p>\n\n\n\n<p style=\"font-size:17px\">Este texto muestra el origen geol\u00f3gico de la Isla de Chilo\u00e9 y busca ser una herramienta educativa para estudiantes entre 14 y 17 a\u00f1os. El libro ilustrado \u00bfC\u00f3mo se form\u00f3? Chilo\u00e9 tiene por objetivo potenciar la capacidad de reflexi\u00f3n de las y los j\u00f3venes sobre el origen geol\u00f3gico del territorio mediante el aporte de nuevas perspectivas, pudiendo de esta manera contribuir en la formaci\u00f3n de l\u00edderes conscientes participativos con el medio natural.<\/p>\n\n\n\n<p style=\"font-size:17px\">Actualmente el equipo del proyecto busca entregar el libro a establecimientos educacionales de la regi\u00f3n de Los Lagos por medio de una convocatoria de postulaci\u00f3n para obtener el material educativo.<\/p>\n\n\n\n<p style=\"font-size:17px\">As\u00ed lo explic\u00f3 Melissa Gonz\u00e1lez Subiabre, una de las directoras del proyecto <em>\u201c<\/em><em>Mediante esta convocatoria Chilo\u00e9 Geol\u00f3gico busca que todos los colegios de la regi\u00f3n de Los Lagos puedan acceder a una cantidad espec\u00edfica de ejemplares del libro \u00bfC\u00f3mo se form\u00f3? Chilo\u00e9, para dejarlos en las bibliotecas de sus establecimientos educacionales y que de esta forma todos los ni\u00f1os, ni\u00f1as y j\u00f3venes tengan la posibilidad de acceder al conocimiento cient\u00edfico recopilado en este libro y puedan animarse a investigar sobre el origen del territorio que habitan\u201d.&nbsp;<\/em><\/p>\n\n\n\n<p style=\"font-size:17px\">Para la postulaci\u00f3n las personas interesadas en el libro deben completar un formulario que est\u00e1 disponible en las redes sociales Instagram y Facebook Chilo\u00e9 Geol\u00f3gico <a href=\"about:blank\">https:\/\/forms.gle\/S3nbtLkHgESLiLZp6<\/a><\/p>\n\n\n\n<p style=\"font-size:17px\">El plazo para postular para establecimientos educacionales de la regi\u00f3n de Los Lagos es hasta el 26 de noviembre v\u00eda el formulario de postulaci\u00f3n.<\/p>\n\n\n\n<p style=\"font-size:17px\"><br>Finalmente, la ge\u00f3grafa y directora del proyecto explic\u00f3 que la distribuci\u00f3n del libro est\u00e1 coordinada con la Red de Bibliotecas P\u00fablicas de la regi\u00f3n de Los Lagos <em>\u201cLos libros estar\u00e1n distribuidos a trav\u00e9s de la red de bibliotecas p\u00fablicas de la regi\u00f3n de Los Lagos quienes har\u00e1n llegar todos los libros a las respectivas bibliotecas de cada comuna de la regi\u00f3n, donde las personas que participaron de la postulaci\u00f3n y hayan salido ganadores del concurso van a tener que ir a retirar de forma presencial sus libros para llevarlos a los colegios y adem\u00e1s quedarse con un libro el o la persona que hizo la postulaci\u00f3n\u201d.<\/em><\/p>\n\n\n\n<p style=\"font-size:17px\">El lanzamiento del libro se realizar\u00e1 el d\u00eda 2 de diciembre en la comuna de Achao, adem\u00e1s el texto estar\u00e1 disponible en las plataformas de la Universidad Austral de Chile y la Sociedad Geol\u00f3gica de Chile en formato digital.<\/p>\n","protected":false},"excerpt":{"rendered":"<p>Hasta el 26 de noviembre se puede postular para obtener el libro en establecimientos educacionales pertenecientes a la regi\u00f3n de Los Lagos. <\/p>\n","protected":false},"author":1,"featured_media":3069,"comment_status":"closed","ping_status":"closed","sticky":false,"template":"","format":"standard","meta":{"footnotes":""},"categories":[10],"tags":[],"class_list":["post-3068","post","type-post","status-publish","format-standard","has-post-thumbnail","hentry","category-cultura"],"_links":{"self":[{"href":"https:\/\/www.semanariolocal.cl\/index.php?rest_route=\/wp\/v2\/posts\/3068","targetHints":{"allow":["GET"]}}],"collection":[{"href":"https:\/\/www.semanariolocal.cl\/index.php?rest_route=\/wp\/v2\/posts"}],"about":[{"href":"https:\/\/www.semanariolocal.cl\/index.php?rest_route=\/wp\/v2\/types\/post"}],"author":[{"embeddable":true,"href":"https:\/\/www.semanariolocal.cl\/index.php?rest_route=\/wp\/v2\/users\/1"}],"replies":[{"embeddable":true,"href":"https:\/\/www.semanariolocal.cl\/index.php?rest_route=%2Fwp%2Fv2%2Fcomments&post=3068"}],"version-history":[{"count":1,"href":"https:\/\/www.semanariolocal.cl\/index.php?rest_route=\/wp\/v2\/posts\/3068\/revisions"}],"predecessor-version":[{"id":3070,"href":"https:\/\/www.semanariolocal.cl\/index.php?rest_route=\/wp\/v2\/posts\/3068\/revisions\/3070"}],"wp:featuredmedia":[{"embeddable":true,"href":"https:\/\/www.semanariolocal.cl\/index.php?rest_route=\/wp\/v2\/media\/3069"}],"wp:attachment":[{"href":"https:\/\/www.semanariolocal.cl\/index.php?rest_route=%2Fwp%2Fv2%2Fmedia&parent=3068"}],"wp:term":[{"taxonomy":"category","embeddable":true,"href":"https:\/\/www.semanariolocal.cl\/index.php?rest_route=%2Fwp%2Fv2%2Fcategories&post=3068"},{"taxonomy":"post_tag","embeddable":true,"href":"https:\/\/www.semanariolocal.cl\/index.php?rest_route=%2Fwp%2Fv2%2Ftags&post=3068"}],"curies":[{"name":"wp","href":"https:\/\/api.w.org\/{rel}","templated":true}]}}