{"id":3065,"date":"2021-11-16T22:53:03","date_gmt":"2021-11-17T01:53:03","guid":{"rendered":"https:\/\/www.semanariolocal.cl\/?p=3065"},"modified":"2021-11-16T22:53:03","modified_gmt":"2021-11-17T01:53:03","slug":"direccion-del-trabajo-fiscalizara-permiso-de-2-horas-para-elecciones-de-este-domingo-21","status":"publish","type":"post","link":"https:\/\/www.semanariolocal.cl\/?p=3065","title":{"rendered":"Direcci\u00f3n del Trabajo fiscalizar\u00e1 permiso de 2 horas para elecciones de este domingo 21"},"content":{"rendered":"\n<p style=\"font-size:17px\">La Direcci\u00f3n del Trabajo (DT) fiscalizar\u00e1 este domingo 21 de noviembre, d\u00eda de las elecciones presidenciales, parlamentarias y de consejeros regionales, que se respete el derecho a sufragio de los trabajadores que deban laborar ese d\u00eda y tambi\u00e9n el feriado obligatorio e irrenunciable de aquellos que laboran en malls y strip center administrados bajo una misma raz\u00f3n social o personalidad jur\u00eddica.<\/p>\n\n\n\n<p style=\"font-size:17px\">Todo lo anterior, en raz\u00f3n a que el d\u00eda que se fije para la realizaci\u00f3n de las elecciones y plebiscitos ser\u00e1 feriado legal, seg\u00fan lo se\u00f1ala el art\u00edculo 180 del DFL N\u00b02 (6-9-2017), norma que ya ha sido aplicada en actos electorales anteriores.&nbsp;<\/p>\n\n\n\n<p style=\"font-size:17px\">El Director Regional del Trabajo (S), Ernesto M. Morales se\u00f1al\u00f3: \u201cEn el caso del comercio, la norma legal vigente para esta jornada electoral considera el feriado obligatorio para los trabajadores que laboren en malls, strip center u otros centros comerciales con varios locales, administrados por una misma raz\u00f3n social o personalidad jur\u00eddica. Quedan exceptuados de esta norma quienes trabajan en otro tipo de comercio, como supermercados y tiendas ajenas a los complejos comerciales con administraci\u00f3n \u00fanica. Tambi\u00e9n pueden trabajar los dependientes de servicentros, farmacias de urgencia o de aquellas con turnos fijados por la autoridad sanitaria\u201d.<\/p>\n\n\n\n<p style=\"font-size:17px\">\u201cEl llamado que estamos haciendo como Gobierno a todos los empleadores es a otorgar este permiso de 2 horas para que los trabajadores puedan ejercer su derecho al voto. Adem\u00e1s, los trabajadores que sientan vulnerados sus derechos pueden realizar la denuncia a trav\u00e9s del canal de atenci\u00f3n telef\u00f3nica 600 450 4000 entre las 9:00 y las 14:00 horas del domingo 21\u201d, manifest\u00f3 el Seremi del Trabajo y Previsi\u00f3n Social (S), Dalmiro Y\u00e1\u00f1ez.<\/p>\n\n\n\n<p style=\"font-size:17px\"><strong>Permiso para acudir a votar<\/strong><\/p>\n\n\n\n<p style=\"font-size:17px\">Respecto del permiso para sufragar, la DT inform\u00f3 que se fiscalizar\u00e1:<\/p>\n\n\n\n<ul class=\"wp-block-list\" style=\"font-size:17px\"><li><strong>Otorgamiento de permiso de dos horas para sufragar a aquellos trabajadores que deban laborar ese d\u00eda. <\/strong><a>Sanciones de entre 3 y 60 Unidades Tributarias Mensuales por infracci\u00f3n. Es decir, fluctuar\u00e1n entre los $160.428 y los $3.208.560, dependiendo de si la empresa es micro, peque\u00f1a, mediana o grande.<\/a><\/li><\/ul>\n\n\n\n<ul class=\"wp-block-list\" style=\"font-size:17px\"><li><strong>Otorgamiento de permiso laboral a los trabajadores designados como vocales de mesa, miembros de colegios escrutadores o delegados de la Junta Electoral.<\/strong> Las multas aplicables son las mismas del caso anterior.<\/li><\/ul>\n\n\n\n<p style=\"font-size:17px\">Los permisos correspondientes deben otorgarse sin descuentos remuneracionales.<\/p>\n\n\n\n<p style=\"font-size:17px\"><strong>Feriado para trabajadores de malls y strip center<\/strong><\/p>\n\n\n\n<p style=\"font-size:17px\">La norma legal imperante durante la jornada electoral tambi\u00e9n considera el feriado obligatorio e irrenunciable para trabajadores del comercio, espec\u00edficamente para los trabajadores que laboren en malls, strip center u otros centros comerciales con varios locales administrados por una misma raz\u00f3n social o personalidad jur\u00eddica.<\/p>\n\n\n\n<p style=\"font-size:17px\">El feriado comenzar\u00e1 a m\u00e1s tardar a las 21:00 horas del s\u00e1bado 20 de noviembre de 2021 y terminar\u00e1 a las 06:00 horas del lunes 22 de noviembre.<\/p>\n\n\n\n<p style=\"font-size:17px\">Quedan exceptuados de esta norma quienes laboran en otro tipo de comercio, como supermercados y tiendas ajenas a los complejos comerciales con administraci\u00f3n \u00fanica. Tambi\u00e9n pueden trabajar los dependientes de servicentros, farmacias de urgencia o de aquellas con turnos fijados por la autoridad sanitaria.&nbsp;<\/p>\n\n\n\n<p style=\"font-size:17px\">En este caso, la DT fiscalizar\u00e1:<\/p>\n\n\n\n<ul class=\"wp-block-list\" style=\"font-size:17px\"><li><strong>Otorgamiento de feriado legal obligatorio e irrenunciable en aquellos casos en que se presten servicios en centros o complejos comerciales administrados bajo una misma raz\u00f3n social o personalidad jur\u00eddica. <\/strong>Sanciones de entre 3 y 60 Unidades Tributarias Mensuales por infracci\u00f3n. Es decir, fluctuar\u00e1n entre los $160.428 y los $3.208.560, dependiendo de si la empresa es micro, peque\u00f1a, mediana o grande.<\/li><\/ul>\n\n\n\n<p style=\"font-size:17px\">Las mismas normas descritas ser\u00e1n aplicadas en caso de ocurrir una segunda vuelta presidencial.&nbsp;<\/p>\n","protected":false},"excerpt":{"rendered":"<p>Organismo fiscalizador verificar\u00e1 este derecho en el caso de aquellos trabajadores que deban laborar ese d\u00eda. Denuncias podr\u00e1n hacerse por v\u00eda telef\u00f3nica al n\u00famero 600 450 4000.<\/p>\n","protected":false},"author":1,"featured_media":3066,"comment_status":"closed","ping_status":"closed","sticky":false,"template":"","format":"standard","meta":{"footnotes":""},"categories":[3,12],"tags":[],"class_list":["post-3065","post","type-post","status-publish","format-standard","has-post-thumbnail","hentry","category-al-dia","category-economia"],"_links":{"self":[{"href":"https:\/\/www.semanariolocal.cl\/index.php?rest_route=\/wp\/v2\/posts\/3065","targetHints":{"allow":["GET"]}}],"collection":[{"href":"https:\/\/www.semanariolocal.cl\/index.php?rest_route=\/wp\/v2\/posts"}],"about":[{"href":"https:\/\/www.semanariolocal.cl\/index.php?rest_route=\/wp\/v2\/types\/post"}],"author":[{"embeddable":true,"href":"https:\/\/www.semanariolocal.cl\/index.php?rest_route=\/wp\/v2\/users\/1"}],"replies":[{"embeddable":true,"href":"https:\/\/www.semanariolocal.cl\/index.php?rest_route=%2Fwp%2Fv2%2Fcomments&post=3065"}],"version-history":[{"count":1,"href":"https:\/\/www.semanariolocal.cl\/index.php?rest_route=\/wp\/v2\/posts\/3065\/revisions"}],"predecessor-version":[{"id":3067,"href":"https:\/\/www.semanariolocal.cl\/index.php?rest_route=\/wp\/v2\/posts\/3065\/revisions\/3067"}],"wp:featuredmedia":[{"embeddable":true,"href":"https:\/\/www.semanariolocal.cl\/index.php?rest_route=\/wp\/v2\/media\/3066"}],"wp:attachment":[{"href":"https:\/\/www.semanariolocal.cl\/index.php?rest_route=%2Fwp%2Fv2%2Fmedia&parent=3065"}],"wp:term":[{"taxonomy":"category","embeddable":true,"href":"https:\/\/www.semanariolocal.cl\/index.php?rest_route=%2Fwp%2Fv2%2Fcategories&post=3065"},{"taxonomy":"post_tag","embeddable":true,"href":"https:\/\/www.semanariolocal.cl\/index.php?rest_route=%2Fwp%2Fv2%2Ftags&post=3065"}],"curies":[{"name":"wp","href":"https:\/\/api.w.org\/{rel}","templated":true}]}}